
{"id":894,"date":"2015-03-12T19:32:57","date_gmt":"2015-03-12T18:32:57","guid":{"rendered":"https:\/\/casadetolos.com\/?p=894"},"modified":"2026-02-05T17:05:07","modified_gmt":"2026-02-05T16:05:07","slug":"samuel-levi-e-cdt-en-roma","status":"publish","type":"post","link":"https:\/\/casadetolos.com\/gl\/samuel-levi-e-cdt-en-roma\/","title":{"rendered":"Samuel Levi e CDT en Roma"},"content":{"rendered":"<p>Estivemos hai uns d\u00edas a gravar unha reportaxe sobre o proxecto &#8220;todos os cami\u00f1os conducen a Roma&#8221; que o cantante vigu\u00e9s\u00a0Samuel Levi\u00a0est\u00e1 a comezar a desenvolver na capital italiana.<\/p>\n<div class=\"flickr-justified-gallery-error\"><span style=\"color:red\">Flickr API error: <\/span><span class=\"flickr-justified-gallery-error-msg\">Invalid API Key (Key has invalid format)<\/span><\/div>\n","protected":false},"excerpt":{"rendered":"<p>Estivemos hai uns d\u00edas a gravar unha reportaxe sobre o proxecto &#8220;todos os cami\u00f1os conducen a Roma&#8221; que o cantante<\/p>\n","protected":false},"author":2,"featured_media":895,"comment_status":"open","ping_status":"open","sticky":false,"template":"","format":"standard","meta":{"footnotes":""},"categories":[28],"tags":[],"class_list":["post-894","post","type-post","status-publish","format-standard","has-post-thumbnail","hentry","category-novas-gl"],"yoast_head":"<!-- This site is optimized with the Yoast SEO plugin v27.1.1 - https:\/\/yoast.com\/product\/yoast-seo-wordpress\/ -->\n<title>Samuel Levi e CDT en Roma - Casa de Tolos<\/title>\n<meta name=\"description\" content=\"Estivemos hai uns d\u00edas a gravar unha reportaxe sobre o proxecto &quot;todos os cami\u00f1os conducen a Roma&quot; que\u00a0Samuel Levi\u00a0est\u00e1 a comezar en Roma.\" \/>\n<meta name=\"robots\" content=\"index, follow, max-snippet:-1, max-image-preview:large, max-video-preview:-1\" \/>\n<link rel=\"canonical\" href=\"https:\/\/casadetolos.com\/gl\/samuel-levi-e-cdt-en-roma\/\" \/>\n<meta property=\"og:locale\" content=\"gl_ES\" \/>\n<meta property=\"og:type\" content=\"article\" \/>\n<meta property=\"og:title\" content=\"Samuel Levi e CDT en Roma - Casa de Tolos\" \/>\n<meta property=\"og:description\" content=\"Estivemos hai uns d\u00edas a gravar unha reportaxe sobre o proxecto &quot;todos os cami\u00f1os conducen a Roma&quot; que\u00a0Samuel Levi\u00a0est\u00e1 a comezar en Roma.\" \/>\n<meta property=\"og:url\" content=\"https:\/\/casadetolos.com\/gl\/samuel-levi-e-cdt-en-roma\/\" \/>\n<meta property=\"og:site_name\" content=\"Casa de Tolos\" \/>\n<meta property=\"article:published_time\" content=\"2015-03-12T18:32:57+00:00\" \/>\n<meta property=\"article:modified_time\" content=\"2026-02-05T16:05:07+00:00\" \/>\n<meta property=\"og:image\" content=\"https:\/\/casadetolos.com\/wp-content\/uploads\/2015\/03\/16173302514_d942d8043d_k.jpg\" \/>\n\t<meta property=\"og:image:width\" content=\"2048\" \/>\n\t<meta property=\"og:image:height\" content=\"1367\" \/>\n\t<meta property=\"og:image:type\" content=\"image\/jpeg\" \/>\n<meta name=\"author\" content=\"Grand\u00edo\" \/>\n<meta name=\"twitter:label1\" content=\"Written by\" \/>\n\t<meta name=\"twitter:data1\" content=\"Grand\u00edo\" \/>\n\t<meta name=\"twitter:label2\" content=\"Est. reading time\" \/>\n\t<meta name=\"twitter:data2\" content=\"1 minute\" \/>\n<script type=\"application\/ld+json\" class=\"yoast-schema-graph\">{\"@context\":\"https:\/\/schema.org\",\"@graph\":[{\"@type\":\"Article\",\"@id\":\"https:\/\/casadetolos.com\/gl\/samuel-levi-e-cdt-en-roma\/#article\",\"isPartOf\":{\"@id\":\"https:\/\/casadetolos.com\/gl\/samuel-levi-e-cdt-en-roma\/\"},\"author\":{\"name\":\"Grand\u00edo\",\"@id\":\"https:\/\/casadetolos.com\/#\/schema\/person\/75d2d82cce33b3c3ecba0a08fae3833d\"},\"headline\":\"Samuel Levi e CDT en Roma\",\"datePublished\":\"2015-03-12T18:32:57+00:00\",\"dateModified\":\"2026-02-05T16:05:07+00:00\",\"mainEntityOfPage\":{\"@id\":\"https:\/\/casadetolos.com\/gl\/samuel-levi-e-cdt-en-roma\/\"},\"wordCount\":45,\"commentCount\":0,\"publisher\":{\"@id\":\"https:\/\/casadetolos.com\/#organization\"},\"image\":{\"@id\":\"https:\/\/casadetolos.com\/gl\/samuel-levi-e-cdt-en-roma\/#primaryimage\"},\"thumbnailUrl\":\"https:\/\/casadetolos.com\/wp-content\/uploads\/2015\/03\/16173302514_d942d8043d_k.jpg\",\"articleSection\":[\"Novas\"],\"inLanguage\":\"gl-ES\",\"potentialAction\":[{\"@type\":\"CommentAction\",\"name\":\"Comment\",\"target\":[\"https:\/\/casadetolos.com\/gl\/samuel-levi-e-cdt-en-roma\/#respond\"]}]},{\"@type\":\"WebPage\",\"@id\":\"https:\/\/casadetolos.com\/gl\/samuel-levi-e-cdt-en-roma\/\",\"url\":\"https:\/\/casadetolos.com\/gl\/samuel-levi-e-cdt-en-roma\/\",\"name\":\"Samuel Levi e CDT en Roma - Casa de Tolos\",\"isPartOf\":{\"@id\":\"https:\/\/casadetolos.com\/#website\"},\"primaryImageOfPage\":{\"@id\":\"https:\/\/casadetolos.com\/gl\/samuel-levi-e-cdt-en-roma\/#primaryimage\"},\"image\":{\"@id\":\"https:\/\/casadetolos.com\/gl\/samuel-levi-e-cdt-en-roma\/#primaryimage\"},\"thumbnailUrl\":\"https:\/\/casadetolos.com\/wp-content\/uploads\/2015\/03\/16173302514_d942d8043d_k.jpg\",\"datePublished\":\"2015-03-12T18:32:57+00:00\",\"dateModified\":\"2026-02-05T16:05:07+00:00\",\"description\":\"Estivemos hai uns d\u00edas a gravar unha reportaxe sobre o proxecto \\\"todos os cami\u00f1os conducen a Roma\\\" que\u00a0Samuel Levi\u00a0est\u00e1 a comezar en Roma.\",\"breadcrumb\":{\"@id\":\"https:\/\/casadetolos.com\/gl\/samuel-levi-e-cdt-en-roma\/#breadcrumb\"},\"inLanguage\":\"gl-ES\",\"potentialAction\":[{\"@type\":\"ReadAction\",\"target\":[\"https:\/\/casadetolos.com\/gl\/samuel-levi-e-cdt-en-roma\/\"]}]},{\"@type\":\"ImageObject\",\"inLanguage\":\"gl-ES\",\"@id\":\"https:\/\/casadetolos.com\/gl\/samuel-levi-e-cdt-en-roma\/#primaryimage\",\"url\":\"https:\/\/casadetolos.com\/wp-content\/uploads\/2015\/03\/16173302514_d942d8043d_k.jpg\",\"contentUrl\":\"https:\/\/casadetolos.com\/wp-content\/uploads\/2015\/03\/16173302514_d942d8043d_k.jpg\",\"width\":2048,\"height\":1367},{\"@type\":\"BreadcrumbList\",\"@id\":\"https:\/\/casadetolos.com\/gl\/samuel-levi-e-cdt-en-roma\/#breadcrumb\",\"itemListElement\":[{\"@type\":\"ListItem\",\"position\":1,\"name\":\"Portada\",\"item\":\"https:\/\/casadetolos.com\/gl\/\"},{\"@type\":\"ListItem\",\"position\":2,\"name\":\"Samuel Levi e CDT en Roma\"}]},{\"@type\":\"WebSite\",\"@id\":\"https:\/\/casadetolos.com\/#website\",\"url\":\"https:\/\/casadetolos.com\/\",\"name\":\"Casa de Tolos\",\"description\":\"Estudio de grabaci\u00f3n de audio y v\u00eddeo\",\"publisher\":{\"@id\":\"https:\/\/casadetolos.com\/#organization\"},\"potentialAction\":[{\"@type\":\"SearchAction\",\"target\":{\"@type\":\"EntryPoint\",\"urlTemplate\":\"https:\/\/casadetolos.com\/?s={search_term_string}\"},\"query-input\":{\"@type\":\"PropertyValueSpecification\",\"valueRequired\":true,\"valueName\":\"search_term_string\"}}],\"inLanguage\":\"gl-ES\"},{\"@type\":\"Organization\",\"@id\":\"https:\/\/casadetolos.com\/#organization\",\"name\":\"Casa de Tolos\",\"url\":\"https:\/\/casadetolos.com\/\",\"logo\":{\"@type\":\"ImageObject\",\"inLanguage\":\"gl-ES\",\"@id\":\"https:\/\/casadetolos.com\/#\/schema\/logo\/image\/\",\"url\":\"https:\/\/casadetolos.com\/wp-content\/uploads\/2015\/02\/logo_cdt_75.png\",\"contentUrl\":\"https:\/\/casadetolos.com\/wp-content\/uploads\/2015\/02\/logo_cdt_75.png\",\"width\":123,\"height\":75,\"caption\":\"Casa de Tolos\"},\"image\":{\"@id\":\"https:\/\/casadetolos.com\/#\/schema\/logo\/image\/\"}},{\"@type\":\"Person\",\"@id\":\"https:\/\/casadetolos.com\/#\/schema\/person\/75d2d82cce33b3c3ecba0a08fae3833d\",\"name\":\"Grand\u00edo\",\"image\":{\"@type\":\"ImageObject\",\"inLanguage\":\"gl-ES\",\"@id\":\"https:\/\/casadetolos.com\/#\/schema\/person\/image\/\",\"url\":\"https:\/\/secure.gravatar.com\/avatar\/c4d6b35d2572b0368ac391bb111f84ef54f6c39504cabde39d37470fbde1a6e9?s=96&d=wavatar&r=g\",\"contentUrl\":\"https:\/\/secure.gravatar.com\/avatar\/c4d6b35d2572b0368ac391bb111f84ef54f6c39504cabde39d37470fbde1a6e9?s=96&d=wavatar&r=g\",\"caption\":\"Grand\u00edo\"},\"url\":\"https:\/\/casadetolos.com\/gl\/author\/sg\/\"}]}<\/script>\n<!-- \/ Yoast SEO plugin. -->","yoast_head_json":{"title":"Samuel Levi e CDT en Roma - Casa de Tolos","description":"Estivemos hai uns d\u00edas a gravar unha reportaxe sobre o proxecto \"todos os cami\u00f1os conducen a Roma\" que\u00a0Samuel Levi\u00a0est\u00e1 a comezar en Roma.","robots":{"index":"index","follow":"follow","max-snippet":"max-snippet:-1","max-image-preview":"max-image-preview:large","max-video-preview":"max-video-preview:-1"},"canonical":"https:\/\/casadetolos.com\/gl\/samuel-levi-e-cdt-en-roma\/","og_locale":"gl_ES","og_type":"article","og_title":"Samuel Levi e CDT en Roma - Casa de Tolos","og_description":"Estivemos hai uns d\u00edas a gravar unha reportaxe sobre o proxecto \"todos os cami\u00f1os conducen a Roma\" que\u00a0Samuel Levi\u00a0est\u00e1 a comezar en Roma.","og_url":"https:\/\/casadetolos.com\/gl\/samuel-levi-e-cdt-en-roma\/","og_site_name":"Casa de Tolos","article_published_time":"2015-03-12T18:32:57+00:00","article_modified_time":"2026-02-05T16:05:07+00:00","og_image":[{"width":2048,"height":1367,"url":"https:\/\/casadetolos.com\/wp-content\/uploads\/2015\/03\/16173302514_d942d8043d_k.jpg","type":"image\/jpeg"}],"author":"Grand\u00edo","twitter_misc":{"Written by":"Grand\u00edo","Est. reading time":"1 minute"},"schema":{"@context":"https:\/\/schema.org","@graph":[{"@type":"Article","@id":"https:\/\/casadetolos.com\/gl\/samuel-levi-e-cdt-en-roma\/#article","isPartOf":{"@id":"https:\/\/casadetolos.com\/gl\/samuel-levi-e-cdt-en-roma\/"},"author":{"name":"Grand\u00edo","@id":"https:\/\/casadetolos.com\/#\/schema\/person\/75d2d82cce33b3c3ecba0a08fae3833d"},"headline":"Samuel Levi e CDT en Roma","datePublished":"2015-03-12T18:32:57+00:00","dateModified":"2026-02-05T16:05:07+00:00","mainEntityOfPage":{"@id":"https:\/\/casadetolos.com\/gl\/samuel-levi-e-cdt-en-roma\/"},"wordCount":45,"commentCount":0,"publisher":{"@id":"https:\/\/casadetolos.com\/#organization"},"image":{"@id":"https:\/\/casadetolos.com\/gl\/samuel-levi-e-cdt-en-roma\/#primaryimage"},"thumbnailUrl":"https:\/\/casadetolos.com\/wp-content\/uploads\/2015\/03\/16173302514_d942d8043d_k.jpg","articleSection":["Novas"],"inLanguage":"gl-ES","potentialAction":[{"@type":"CommentAction","name":"Comment","target":["https:\/\/casadetolos.com\/gl\/samuel-levi-e-cdt-en-roma\/#respond"]}]},{"@type":"WebPage","@id":"https:\/\/casadetolos.com\/gl\/samuel-levi-e-cdt-en-roma\/","url":"https:\/\/casadetolos.com\/gl\/samuel-levi-e-cdt-en-roma\/","name":"Samuel Levi e CDT en Roma - Casa de Tolos","isPartOf":{"@id":"https:\/\/casadetolos.com\/#website"},"primaryImageOfPage":{"@id":"https:\/\/casadetolos.com\/gl\/samuel-levi-e-cdt-en-roma\/#primaryimage"},"image":{"@id":"https:\/\/casadetolos.com\/gl\/samuel-levi-e-cdt-en-roma\/#primaryimage"},"thumbnailUrl":"https:\/\/casadetolos.com\/wp-content\/uploads\/2015\/03\/16173302514_d942d8043d_k.jpg","datePublished":"2015-03-12T18:32:57+00:00","dateModified":"2026-02-05T16:05:07+00:00","description":"Estivemos hai uns d\u00edas a gravar unha reportaxe sobre o proxecto \"todos os cami\u00f1os conducen a Roma\" que\u00a0Samuel Levi\u00a0est\u00e1 a comezar en Roma.","breadcrumb":{"@id":"https:\/\/casadetolos.com\/gl\/samuel-levi-e-cdt-en-roma\/#breadcrumb"},"inLanguage":"gl-ES","potentialAction":[{"@type":"ReadAction","target":["https:\/\/casadetolos.com\/gl\/samuel-levi-e-cdt-en-roma\/"]}]},{"@type":"ImageObject","inLanguage":"gl-ES","@id":"https:\/\/casadetolos.com\/gl\/samuel-levi-e-cdt-en-roma\/#primaryimage","url":"https:\/\/casadetolos.com\/wp-content\/uploads\/2015\/03\/16173302514_d942d8043d_k.jpg","contentUrl":"https:\/\/casadetolos.com\/wp-content\/uploads\/2015\/03\/16173302514_d942d8043d_k.jpg","width":2048,"height":1367},{"@type":"BreadcrumbList","@id":"https:\/\/casadetolos.com\/gl\/samuel-levi-e-cdt-en-roma\/#breadcrumb","itemListElement":[{"@type":"ListItem","position":1,"name":"Portada","item":"https:\/\/casadetolos.com\/gl\/"},{"@type":"ListItem","position":2,"name":"Samuel Levi e CDT en Roma"}]},{"@type":"WebSite","@id":"https:\/\/casadetolos.com\/#website","url":"https:\/\/casadetolos.com\/","name":"Casa de Tolos","description":"Estudio de grabaci\u00f3n de audio y v\u00eddeo","publisher":{"@id":"https:\/\/casadetolos.com\/#organization"},"potentialAction":[{"@type":"SearchAction","target":{"@type":"EntryPoint","urlTemplate":"https:\/\/casadetolos.com\/?s={search_term_string}"},"query-input":{"@type":"PropertyValueSpecification","valueRequired":true,"valueName":"search_term_string"}}],"inLanguage":"gl-ES"},{"@type":"Organization","@id":"https:\/\/casadetolos.com\/#organization","name":"Casa de Tolos","url":"https:\/\/casadetolos.com\/","logo":{"@type":"ImageObject","inLanguage":"gl-ES","@id":"https:\/\/casadetolos.com\/#\/schema\/logo\/image\/","url":"https:\/\/casadetolos.com\/wp-content\/uploads\/2015\/02\/logo_cdt_75.png","contentUrl":"https:\/\/casadetolos.com\/wp-content\/uploads\/2015\/02\/logo_cdt_75.png","width":123,"height":75,"caption":"Casa de Tolos"},"image":{"@id":"https:\/\/casadetolos.com\/#\/schema\/logo\/image\/"}},{"@type":"Person","@id":"https:\/\/casadetolos.com\/#\/schema\/person\/75d2d82cce33b3c3ecba0a08fae3833d","name":"Grand\u00edo","image":{"@type":"ImageObject","inLanguage":"gl-ES","@id":"https:\/\/casadetolos.com\/#\/schema\/person\/image\/","url":"https:\/\/secure.gravatar.com\/avatar\/c4d6b35d2572b0368ac391bb111f84ef54f6c39504cabde39d37470fbde1a6e9?s=96&d=wavatar&r=g","contentUrl":"https:\/\/secure.gravatar.com\/avatar\/c4d6b35d2572b0368ac391bb111f84ef54f6c39504cabde39d37470fbde1a6e9?s=96&d=wavatar&r=g","caption":"Grand\u00edo"},"url":"https:\/\/casadetolos.com\/gl\/author\/sg\/"}]}},"_links":{"self":[{"href":"https:\/\/casadetolos.com\/gl\/wp-json\/wp\/v2\/posts\/894","targetHints":{"allow":["GET"]}}],"collection":[{"href":"https:\/\/casadetolos.com\/gl\/wp-json\/wp\/v2\/posts"}],"about":[{"href":"https:\/\/casadetolos.com\/gl\/wp-json\/wp\/v2\/types\/post"}],"author":[{"embeddable":true,"href":"https:\/\/casadetolos.com\/gl\/wp-json\/wp\/v2\/users\/2"}],"replies":[{"embeddable":true,"href":"https:\/\/casadetolos.com\/gl\/wp-json\/wp\/v2\/comments?post=894"}],"version-history":[{"count":18,"href":"https:\/\/casadetolos.com\/gl\/wp-json\/wp\/v2\/posts\/894\/revisions"}],"predecessor-version":[{"id":6247,"href":"https:\/\/casadetolos.com\/gl\/wp-json\/wp\/v2\/posts\/894\/revisions\/6247"}],"wp:featuredmedia":[{"embeddable":true,"href":"https:\/\/casadetolos.com\/gl\/wp-json\/wp\/v2\/media\/895"}],"wp:attachment":[{"href":"https:\/\/casadetolos.com\/gl\/wp-json\/wp\/v2\/media?parent=894"}],"wp:term":[{"taxonomy":"category","embeddable":true,"href":"https:\/\/casadetolos.com\/gl\/wp-json\/wp\/v2\/categories?post=894"},{"taxonomy":"post_tag","embeddable":true,"href":"https:\/\/casadetolos.com\/gl\/wp-json\/wp\/v2\/tags?post=894"}],"curies":[{"name":"wp","href":"https:\/\/api.w.org\/{rel}","templated":true}]}}