
{"id":801,"date":"2015-03-11T12:56:53","date_gmt":"2015-03-11T11:56:53","guid":{"rendered":"https:\/\/casadetolos.com\/?p=801"},"modified":"2026-02-10T17:01:57","modified_gmt":"2026-02-10T16:01:57","slug":"gravando-o-especial-series-da-tvg","status":"publish","type":"post","link":"https:\/\/casadetolos.com\/gl\/gravando-o-especial-series-da-tvg\/","title":{"rendered":"Gravando o especial series da TVG"},"content":{"rendered":"\n<p>Onte fomos a <span class=\"unknown\">Valga<\/span> a gravar as voces dos temas dun especial que est\u00e1 a preparar a Televisi\u00f3n de Galicia.<\/p>\n\n\n\n<p>Estivemos con <span class=\"unknown\">Cristian Leggiero<\/span> (director de &nbsp;<a href=\"http:\/\/www.gallaeciabigband.com\/\" target=\"_blank\" rel=\"noopener\">Gallaecia Big Band<\/a> que interpreta os&nbsp;temas), Mar\u00eda Mera, Luc\u00eda Regueiro, Manqui\u00f1a e&nbsp;Monti<\/p>\n\n\n\n<figure class=\"wp-block-embed is-type-rich is-provider-flickr wp-block-embed-flickr\"><div class=\"wp-block-embed__wrapper\">\n<a data-flickr-embed='true' href='https:\/\/www.flickr.com\/photos\/37023647@N08\/albums\/72157648951720974\/' title='Especial series TVG by Casa de Tolos, on Flickr'><img src='https:\/\/live.staticflickr.com\/8725\/16779643705_d2b23a9e5e_c.jpg' width='800' height='600' alt='Cristian Leggiero y Manquin\u0303a'><\/a><script async src='https:\/\/embedr.flickr.com\/assets\/client-code.js' charset='utf-8'><\/script>\n<\/div><\/figure>\n","protected":false},"excerpt":{"rendered":"<p>Onte fomos a Valga a gravar as voces dos temas dun especial que est\u00e1 a preparar a Televisi\u00f3n de Galicia.<\/p>\n","protected":false},"author":150,"featured_media":797,"comment_status":"open","ping_status":"open","sticky":false,"template":"","format":"standard","meta":{"footnotes":""},"categories":[28],"tags":[],"class_list":["post-801","post","type-post","status-publish","format-standard","has-post-thumbnail","hentry","category-novas-gl"],"yoast_head":"<!-- This site is optimized with the Yoast SEO plugin v27.1.1 - https:\/\/yoast.com\/product\/yoast-seo-wordpress\/ -->\n<title>Gravando o especial series da TVG - Casa de Tolos<\/title>\n<meta name=\"description\" content=\"Onte fomos a gravar a Valga as voces dos temas dun especial de series que est\u00e1 a preparar a Televisi\u00f3n de Galicia.\" \/>\n<meta name=\"robots\" content=\"index, follow, max-snippet:-1, max-image-preview:large, max-video-preview:-1\" \/>\n<link rel=\"canonical\" href=\"https:\/\/casadetolos.com\/gl\/gravando-o-especial-series-da-tvg\/\" \/>\n<meta property=\"og:locale\" content=\"gl_ES\" \/>\n<meta property=\"og:type\" content=\"article\" \/>\n<meta property=\"og:title\" content=\"Gravando o especial series da TVG - Casa de Tolos\" \/>\n<meta property=\"og:description\" content=\"Onte fomos a gravar a Valga as voces dos temas dun especial de series que est\u00e1 a preparar a Televisi\u00f3n de Galicia.\" \/>\n<meta property=\"og:url\" content=\"https:\/\/casadetolos.com\/gl\/gravando-o-especial-series-da-tvg\/\" \/>\n<meta property=\"og:site_name\" content=\"Casa de Tolos\" \/>\n<meta property=\"article:published_time\" content=\"2015-03-11T11:56:53+00:00\" \/>\n<meta property=\"article:modified_time\" content=\"2026-02-10T16:01:57+00:00\" \/>\n<meta property=\"og:image\" content=\"https:\/\/casadetolos.com\/wp-content\/uploads\/2015\/03\/16779644545_fb420dede2_z.jpg\" \/>\n\t<meta property=\"og:image:width\" content=\"640\" \/>\n\t<meta property=\"og:image:height\" content=\"480\" \/>\n\t<meta property=\"og:image:type\" content=\"image\/jpeg\" \/>\n<meta name=\"author\" content=\"Pablo Casal\" \/>\n<meta name=\"twitter:label1\" content=\"Written by\" \/>\n\t<meta name=\"twitter:data1\" content=\"Pablo Casal\" \/>\n\t<meta name=\"twitter:label2\" content=\"Est. reading time\" \/>\n\t<meta name=\"twitter:data2\" content=\"1 minute\" \/>\n<script type=\"application\/ld+json\" class=\"yoast-schema-graph\">{\"@context\":\"https:\/\/schema.org\",\"@graph\":[{\"@type\":\"Article\",\"@id\":\"https:\/\/casadetolos.com\/gl\/gravando-o-especial-series-da-tvg\/#article\",\"isPartOf\":{\"@id\":\"https:\/\/casadetolos.com\/gl\/gravando-o-especial-series-da-tvg\/\"},\"author\":{\"name\":\"Pablo Casal\",\"@id\":\"https:\/\/casadetolos.com\/#\/schema\/person\/fe4f9393bd91453e0278baa8ff85237d\"},\"headline\":\"Gravando o especial series da TVG\",\"datePublished\":\"2015-03-11T11:56:53+00:00\",\"dateModified\":\"2026-02-10T16:01:57+00:00\",\"mainEntityOfPage\":{\"@id\":\"https:\/\/casadetolos.com\/gl\/gravando-o-especial-series-da-tvg\/\"},\"wordCount\":59,\"commentCount\":0,\"publisher\":{\"@id\":\"https:\/\/casadetolos.com\/#organization\"},\"image\":{\"@id\":\"https:\/\/casadetolos.com\/gl\/gravando-o-especial-series-da-tvg\/#primaryimage\"},\"thumbnailUrl\":\"https:\/\/casadetolos.com\/wp-content\/uploads\/2015\/03\/16779644545_fb420dede2_z.jpg\",\"articleSection\":[\"Novas\"],\"inLanguage\":\"gl-ES\",\"potentialAction\":[{\"@type\":\"CommentAction\",\"name\":\"Comment\",\"target\":[\"https:\/\/casadetolos.com\/gl\/gravando-o-especial-series-da-tvg\/#respond\"]}]},{\"@type\":\"WebPage\",\"@id\":\"https:\/\/casadetolos.com\/gl\/gravando-o-especial-series-da-tvg\/\",\"url\":\"https:\/\/casadetolos.com\/gl\/gravando-o-especial-series-da-tvg\/\",\"name\":\"Gravando o especial series da TVG - Casa de Tolos\",\"isPartOf\":{\"@id\":\"https:\/\/casadetolos.com\/#website\"},\"primaryImageOfPage\":{\"@id\":\"https:\/\/casadetolos.com\/gl\/gravando-o-especial-series-da-tvg\/#primaryimage\"},\"image\":{\"@id\":\"https:\/\/casadetolos.com\/gl\/gravando-o-especial-series-da-tvg\/#primaryimage\"},\"thumbnailUrl\":\"https:\/\/casadetolos.com\/wp-content\/uploads\/2015\/03\/16779644545_fb420dede2_z.jpg\",\"datePublished\":\"2015-03-11T11:56:53+00:00\",\"dateModified\":\"2026-02-10T16:01:57+00:00\",\"description\":\"Onte fomos a gravar a Valga as voces dos temas dun especial de series que est\u00e1 a preparar a Televisi\u00f3n de Galicia.\",\"breadcrumb\":{\"@id\":\"https:\/\/casadetolos.com\/gl\/gravando-o-especial-series-da-tvg\/#breadcrumb\"},\"inLanguage\":\"gl-ES\",\"potentialAction\":[{\"@type\":\"ReadAction\",\"target\":[\"https:\/\/casadetolos.com\/gl\/gravando-o-especial-series-da-tvg\/\"]}]},{\"@type\":\"ImageObject\",\"inLanguage\":\"gl-ES\",\"@id\":\"https:\/\/casadetolos.com\/gl\/gravando-o-especial-series-da-tvg\/#primaryimage\",\"url\":\"https:\/\/casadetolos.com\/wp-content\/uploads\/2015\/03\/16779644545_fb420dede2_z.jpg\",\"contentUrl\":\"https:\/\/casadetolos.com\/wp-content\/uploads\/2015\/03\/16779644545_fb420dede2_z.jpg\",\"width\":640,\"height\":480},{\"@type\":\"BreadcrumbList\",\"@id\":\"https:\/\/casadetolos.com\/gl\/gravando-o-especial-series-da-tvg\/#breadcrumb\",\"itemListElement\":[{\"@type\":\"ListItem\",\"position\":1,\"name\":\"Portada\",\"item\":\"https:\/\/casadetolos.com\/gl\/\"},{\"@type\":\"ListItem\",\"position\":2,\"name\":\"Gravando o especial series da TVG\"}]},{\"@type\":\"WebSite\",\"@id\":\"https:\/\/casadetolos.com\/#website\",\"url\":\"https:\/\/casadetolos.com\/\",\"name\":\"Casa de Tolos\",\"description\":\"Estudio de grabaci\u00f3n de audio y v\u00eddeo\",\"publisher\":{\"@id\":\"https:\/\/casadetolos.com\/#organization\"},\"potentialAction\":[{\"@type\":\"SearchAction\",\"target\":{\"@type\":\"EntryPoint\",\"urlTemplate\":\"https:\/\/casadetolos.com\/?s={search_term_string}\"},\"query-input\":{\"@type\":\"PropertyValueSpecification\",\"valueRequired\":true,\"valueName\":\"search_term_string\"}}],\"inLanguage\":\"gl-ES\"},{\"@type\":\"Organization\",\"@id\":\"https:\/\/casadetolos.com\/#organization\",\"name\":\"Casa de Tolos\",\"url\":\"https:\/\/casadetolos.com\/\",\"logo\":{\"@type\":\"ImageObject\",\"inLanguage\":\"gl-ES\",\"@id\":\"https:\/\/casadetolos.com\/#\/schema\/logo\/image\/\",\"url\":\"https:\/\/casadetolos.com\/wp-content\/uploads\/2015\/02\/logo_cdt_75.png\",\"contentUrl\":\"https:\/\/casadetolos.com\/wp-content\/uploads\/2015\/02\/logo_cdt_75.png\",\"width\":123,\"height\":75,\"caption\":\"Casa de Tolos\"},\"image\":{\"@id\":\"https:\/\/casadetolos.com\/#\/schema\/logo\/image\/\"}},{\"@type\":\"Person\",\"@id\":\"https:\/\/casadetolos.com\/#\/schema\/person\/fe4f9393bd91453e0278baa8ff85237d\",\"name\":\"Pablo Casal\",\"image\":{\"@type\":\"ImageObject\",\"inLanguage\":\"gl-ES\",\"@id\":\"https:\/\/casadetolos.com\/#\/schema\/person\/image\/\",\"url\":\"https:\/\/secure.gravatar.com\/avatar\/acdb785ad284cad1c8579b8683a893b62b0dc4fa7c69344fe67d4dc58ff129cb?s=96&d=wavatar&r=g\",\"contentUrl\":\"https:\/\/secure.gravatar.com\/avatar\/acdb785ad284cad1c8579b8683a893b62b0dc4fa7c69344fe67d4dc58ff129cb?s=96&d=wavatar&r=g\",\"caption\":\"Pablo Casal\"},\"url\":\"https:\/\/casadetolos.com\/gl\/author\/pablo\/\"}]}<\/script>\n<!-- \/ Yoast SEO plugin. -->","yoast_head_json":{"title":"Gravando o especial series da TVG - Casa de Tolos","description":"Onte fomos a gravar a Valga as voces dos temas dun especial de series que est\u00e1 a preparar a Televisi\u00f3n de Galicia.","robots":{"index":"index","follow":"follow","max-snippet":"max-snippet:-1","max-image-preview":"max-image-preview:large","max-video-preview":"max-video-preview:-1"},"canonical":"https:\/\/casadetolos.com\/gl\/gravando-o-especial-series-da-tvg\/","og_locale":"gl_ES","og_type":"article","og_title":"Gravando o especial series da TVG - Casa de Tolos","og_description":"Onte fomos a gravar a Valga as voces dos temas dun especial de series que est\u00e1 a preparar a Televisi\u00f3n de Galicia.","og_url":"https:\/\/casadetolos.com\/gl\/gravando-o-especial-series-da-tvg\/","og_site_name":"Casa de Tolos","article_published_time":"2015-03-11T11:56:53+00:00","article_modified_time":"2026-02-10T16:01:57+00:00","og_image":[{"width":640,"height":480,"url":"https:\/\/casadetolos.com\/wp-content\/uploads\/2015\/03\/16779644545_fb420dede2_z.jpg","type":"image\/jpeg"}],"author":"Pablo Casal","twitter_misc":{"Written by":"Pablo Casal","Est. reading time":"1 minute"},"schema":{"@context":"https:\/\/schema.org","@graph":[{"@type":"Article","@id":"https:\/\/casadetolos.com\/gl\/gravando-o-especial-series-da-tvg\/#article","isPartOf":{"@id":"https:\/\/casadetolos.com\/gl\/gravando-o-especial-series-da-tvg\/"},"author":{"name":"Pablo Casal","@id":"https:\/\/casadetolos.com\/#\/schema\/person\/fe4f9393bd91453e0278baa8ff85237d"},"headline":"Gravando o especial series da TVG","datePublished":"2015-03-11T11:56:53+00:00","dateModified":"2026-02-10T16:01:57+00:00","mainEntityOfPage":{"@id":"https:\/\/casadetolos.com\/gl\/gravando-o-especial-series-da-tvg\/"},"wordCount":59,"commentCount":0,"publisher":{"@id":"https:\/\/casadetolos.com\/#organization"},"image":{"@id":"https:\/\/casadetolos.com\/gl\/gravando-o-especial-series-da-tvg\/#primaryimage"},"thumbnailUrl":"https:\/\/casadetolos.com\/wp-content\/uploads\/2015\/03\/16779644545_fb420dede2_z.jpg","articleSection":["Novas"],"inLanguage":"gl-ES","potentialAction":[{"@type":"CommentAction","name":"Comment","target":["https:\/\/casadetolos.com\/gl\/gravando-o-especial-series-da-tvg\/#respond"]}]},{"@type":"WebPage","@id":"https:\/\/casadetolos.com\/gl\/gravando-o-especial-series-da-tvg\/","url":"https:\/\/casadetolos.com\/gl\/gravando-o-especial-series-da-tvg\/","name":"Gravando o especial series da TVG - Casa de Tolos","isPartOf":{"@id":"https:\/\/casadetolos.com\/#website"},"primaryImageOfPage":{"@id":"https:\/\/casadetolos.com\/gl\/gravando-o-especial-series-da-tvg\/#primaryimage"},"image":{"@id":"https:\/\/casadetolos.com\/gl\/gravando-o-especial-series-da-tvg\/#primaryimage"},"thumbnailUrl":"https:\/\/casadetolos.com\/wp-content\/uploads\/2015\/03\/16779644545_fb420dede2_z.jpg","datePublished":"2015-03-11T11:56:53+00:00","dateModified":"2026-02-10T16:01:57+00:00","description":"Onte fomos a gravar a Valga as voces dos temas dun especial de series que est\u00e1 a preparar a Televisi\u00f3n de Galicia.","breadcrumb":{"@id":"https:\/\/casadetolos.com\/gl\/gravando-o-especial-series-da-tvg\/#breadcrumb"},"inLanguage":"gl-ES","potentialAction":[{"@type":"ReadAction","target":["https:\/\/casadetolos.com\/gl\/gravando-o-especial-series-da-tvg\/"]}]},{"@type":"ImageObject","inLanguage":"gl-ES","@id":"https:\/\/casadetolos.com\/gl\/gravando-o-especial-series-da-tvg\/#primaryimage","url":"https:\/\/casadetolos.com\/wp-content\/uploads\/2015\/03\/16779644545_fb420dede2_z.jpg","contentUrl":"https:\/\/casadetolos.com\/wp-content\/uploads\/2015\/03\/16779644545_fb420dede2_z.jpg","width":640,"height":480},{"@type":"BreadcrumbList","@id":"https:\/\/casadetolos.com\/gl\/gravando-o-especial-series-da-tvg\/#breadcrumb","itemListElement":[{"@type":"ListItem","position":1,"name":"Portada","item":"https:\/\/casadetolos.com\/gl\/"},{"@type":"ListItem","position":2,"name":"Gravando o especial series da TVG"}]},{"@type":"WebSite","@id":"https:\/\/casadetolos.com\/#website","url":"https:\/\/casadetolos.com\/","name":"Casa de Tolos","description":"Estudio de grabaci\u00f3n de audio y v\u00eddeo","publisher":{"@id":"https:\/\/casadetolos.com\/#organization"},"potentialAction":[{"@type":"SearchAction","target":{"@type":"EntryPoint","urlTemplate":"https:\/\/casadetolos.com\/?s={search_term_string}"},"query-input":{"@type":"PropertyValueSpecification","valueRequired":true,"valueName":"search_term_string"}}],"inLanguage":"gl-ES"},{"@type":"Organization","@id":"https:\/\/casadetolos.com\/#organization","name":"Casa de Tolos","url":"https:\/\/casadetolos.com\/","logo":{"@type":"ImageObject","inLanguage":"gl-ES","@id":"https:\/\/casadetolos.com\/#\/schema\/logo\/image\/","url":"https:\/\/casadetolos.com\/wp-content\/uploads\/2015\/02\/logo_cdt_75.png","contentUrl":"https:\/\/casadetolos.com\/wp-content\/uploads\/2015\/02\/logo_cdt_75.png","width":123,"height":75,"caption":"Casa de Tolos"},"image":{"@id":"https:\/\/casadetolos.com\/#\/schema\/logo\/image\/"}},{"@type":"Person","@id":"https:\/\/casadetolos.com\/#\/schema\/person\/fe4f9393bd91453e0278baa8ff85237d","name":"Pablo Casal","image":{"@type":"ImageObject","inLanguage":"gl-ES","@id":"https:\/\/casadetolos.com\/#\/schema\/person\/image\/","url":"https:\/\/secure.gravatar.com\/avatar\/acdb785ad284cad1c8579b8683a893b62b0dc4fa7c69344fe67d4dc58ff129cb?s=96&d=wavatar&r=g","contentUrl":"https:\/\/secure.gravatar.com\/avatar\/acdb785ad284cad1c8579b8683a893b62b0dc4fa7c69344fe67d4dc58ff129cb?s=96&d=wavatar&r=g","caption":"Pablo Casal"},"url":"https:\/\/casadetolos.com\/gl\/author\/pablo\/"}]}},"_links":{"self":[{"href":"https:\/\/casadetolos.com\/gl\/wp-json\/wp\/v2\/posts\/801","targetHints":{"allow":["GET"]}}],"collection":[{"href":"https:\/\/casadetolos.com\/gl\/wp-json\/wp\/v2\/posts"}],"about":[{"href":"https:\/\/casadetolos.com\/gl\/wp-json\/wp\/v2\/types\/post"}],"author":[{"embeddable":true,"href":"https:\/\/casadetolos.com\/gl\/wp-json\/wp\/v2\/users\/150"}],"replies":[{"embeddable":true,"href":"https:\/\/casadetolos.com\/gl\/wp-json\/wp\/v2\/comments?post=801"}],"version-history":[{"count":19,"href":"https:\/\/casadetolos.com\/gl\/wp-json\/wp\/v2\/posts\/801\/revisions"}],"predecessor-version":[{"id":6434,"href":"https:\/\/casadetolos.com\/gl\/wp-json\/wp\/v2\/posts\/801\/revisions\/6434"}],"wp:featuredmedia":[{"embeddable":true,"href":"https:\/\/casadetolos.com\/gl\/wp-json\/wp\/v2\/media\/797"}],"wp:attachment":[{"href":"https:\/\/casadetolos.com\/gl\/wp-json\/wp\/v2\/media?parent=801"}],"wp:term":[{"taxonomy":"category","embeddable":true,"href":"https:\/\/casadetolos.com\/gl\/wp-json\/wp\/v2\/categories?post=801"},{"taxonomy":"post_tag","embeddable":true,"href":"https:\/\/casadetolos.com\/gl\/wp-json\/wp\/v2\/tags?post=801"}],"curies":[{"name":"wp","href":"https:\/\/api.w.org\/{rel}","templated":true}]}}