
{"id":633,"date":"2013-12-11T01:44:26","date_gmt":"2013-12-11T00:44:26","guid":{"rendered":"https:\/\/casadetolos.com\/?p=633"},"modified":"2026-02-05T17:34:25","modified_gmt":"2026-02-05T16:34:25","slug":"presentacion-do-libro-cd-de-voces-ceibes-a-milladoiro-3","status":"publish","type":"post","link":"https:\/\/casadetolos.com\/gl\/presentacion-do-libro-cd-de-voces-ceibes-a-milladoiro-3\/","title":{"rendered":"Presentaci\u00f3n do libro-CD de Voces Ceibes a Milladoiro"},"content":{"rendered":"<p>Unha memoria do Movimento Popular da Canci\u00f3n Galega (1973-1978): DE VOCES CEIBES A MILLADOIRO \u00e9 moito m\u00e1is ca un libro.<\/p>\n<div class=\"flickr-justified-gallery-error\"><span style=\"color:red\">Flickr API error: <\/span><span class=\"flickr-justified-gallery-error-msg\">Invalid API Key (Key has invalid format)<\/span><\/div>\n<p>De feito, \u00e9 unha viaxe no tempo. Da man de Ant\u00f3n Seoane, un dos nosos m\u00fasicos m\u00e1is importantes e peza funda- mental de Milladoiro, viaxamos polos anos anteriores \u00e1 sa\u00edda do primeiro disco da m\u00edtica formaci\u00f3n, ao tempo que se revisa unha \u00e9poca e unha \u00e9pica. A \u00e9poca do final do franquismo e do intento por constru\u00edr unha m\u00fasica de n\u00f3s. A \u00e9pica de botar a andar un proxecto absolutamente diferente como foi Milladoiro. O libro acomp\u00e1\u00f1ase dun CD no que Ant\u00f3n Seoane, Pilocha e Rodrigo Roman\u00ed, coa participaci\u00f3n de D\u00f3nal Lunny, Nando Casal, Bibiano, Miro Casabella, X. Quintas Canella, D\u00f3nal Lunny, Harry C, Roi Casal, Man\u00fa Conde, Pancho \u00c1lvarez, Anxo Pintos, Segundo Grand\u00edo, Laura Amado, Quico de Cari\u00f1o, Natalia Zoltan e outros compa\u00f1eiros de viaxe e aventuras, volven gravar, d\u00e1ndolles nova vida, canci\u00f3ns emblem\u00e1ticas do per\u00edodo 1973-1978, algunhas delas rexistradas para este proxecto por vez primeira. Este \u00e9 o \u201cmaking of\u201dcon algunhos dos momentos vividos durante os dous anos de gravaci\u00f3n do CD en Casa de Tolos::<\/p>\n<p><iframe loading=\"lazy\" src=\"https:\/\/www.youtube.com\/embed\/aBZ4yGq5v6g\" width=\"640\" height=\"360\" frameborder=\"0\" allowfullscreen=\"allowfullscreen\"><\/iframe><\/p>\n\n\n<p><\/p>\n","protected":false},"excerpt":{"rendered":"<p>Unha memoria do Movimento Popular da Canci\u00f3n Galega (1973-1978): DE VOCES CEIBES A MILLADOIRO \u00e9 moito m\u00e1is ca un libro.<\/p>\n","protected":false},"author":150,"featured_media":631,"comment_status":"open","ping_status":"open","sticky":false,"template":"","format":"standard","meta":{"footnotes":""},"categories":[28],"tags":[],"class_list":["post-633","post","type-post","status-publish","format-standard","has-post-thumbnail","hentry","category-novas-gl"],"yoast_head":"<!-- This site is optimized with the Yoast SEO plugin v27.1.1 - https:\/\/yoast.com\/product\/yoast-seo-wordpress\/ -->\n<title>Presentaci\u00f3n do libro-CD de Voces Ceibes a Milladoiro - Casa de Tolos<\/title>\n<meta name=\"robots\" content=\"index, follow, max-snippet:-1, max-image-preview:large, max-video-preview:-1\" \/>\n<link rel=\"canonical\" href=\"https:\/\/casadetolos.com\/gl\/presentacion-do-libro-cd-de-voces-ceibes-a-milladoiro-3\/\" \/>\n<meta property=\"og:locale\" content=\"gl_ES\" \/>\n<meta property=\"og:type\" content=\"article\" \/>\n<meta property=\"og:title\" content=\"Presentaci\u00f3n do libro-CD de Voces Ceibes a Milladoiro - Casa de Tolos\" \/>\n<meta property=\"og:description\" content=\"Unha memoria do Movimento Popular da Canci\u00f3n Galega (1973-1978): DE VOCES CEIBES A MILLADOIRO \u00e9 moito m\u00e1is ca un libro.\" \/>\n<meta property=\"og:url\" content=\"https:\/\/casadetolos.com\/gl\/presentacion-do-libro-cd-de-voces-ceibes-a-milladoiro-3\/\" \/>\n<meta property=\"og:site_name\" content=\"Casa de Tolos\" \/>\n<meta property=\"article:published_time\" content=\"2013-12-11T00:44:26+00:00\" \/>\n<meta property=\"article:modified_time\" content=\"2026-02-05T16:34:25+00:00\" \/>\n<meta property=\"og:image\" content=\"https:\/\/casadetolos.com\/wp-content\/uploads\/2013\/12\/11321535235_d2232104d9_z.jpg\" \/>\n\t<meta property=\"og:image:width\" content=\"640\" \/>\n\t<meta property=\"og:image:height\" content=\"608\" \/>\n\t<meta property=\"og:image:type\" content=\"image\/jpeg\" \/>\n<meta name=\"author\" content=\"Pablo Casal\" \/>\n<meta name=\"twitter:label1\" content=\"Written by\" \/>\n\t<meta name=\"twitter:data1\" content=\"Pablo Casal\" \/>\n\t<meta name=\"twitter:label2\" content=\"Est. reading time\" \/>\n\t<meta name=\"twitter:data2\" content=\"2 minutes\" \/>\n<script type=\"application\/ld+json\" class=\"yoast-schema-graph\">{\"@context\":\"https:\/\/schema.org\",\"@graph\":[{\"@type\":\"Article\",\"@id\":\"https:\/\/casadetolos.com\/gl\/presentacion-do-libro-cd-de-voces-ceibes-a-milladoiro-3\/#article\",\"isPartOf\":{\"@id\":\"https:\/\/casadetolos.com\/gl\/presentacion-do-libro-cd-de-voces-ceibes-a-milladoiro-3\/\"},\"author\":{\"name\":\"Pablo Casal\",\"@id\":\"https:\/\/casadetolos.com\/#\/schema\/person\/fe4f9393bd91453e0278baa8ff85237d\"},\"headline\":\"Presentaci\u00f3n do libro-CD de Voces Ceibes a Milladoiro\",\"datePublished\":\"2013-12-11T00:44:26+00:00\",\"dateModified\":\"2026-02-05T16:34:25+00:00\",\"mainEntityOfPage\":{\"@id\":\"https:\/\/casadetolos.com\/gl\/presentacion-do-libro-cd-de-voces-ceibes-a-milladoiro-3\/\"},\"wordCount\":222,\"commentCount\":0,\"publisher\":{\"@id\":\"https:\/\/casadetolos.com\/#organization\"},\"image\":{\"@id\":\"https:\/\/casadetolos.com\/gl\/presentacion-do-libro-cd-de-voces-ceibes-a-milladoiro-3\/#primaryimage\"},\"thumbnailUrl\":\"https:\/\/casadetolos.com\/wp-content\/uploads\/2013\/12\/11321535235_d2232104d9_z.jpg\",\"articleSection\":[\"Novas\"],\"inLanguage\":\"gl-ES\",\"potentialAction\":[{\"@type\":\"CommentAction\",\"name\":\"Comment\",\"target\":[\"https:\/\/casadetolos.com\/gl\/presentacion-do-libro-cd-de-voces-ceibes-a-milladoiro-3\/#respond\"]}]},{\"@type\":\"WebPage\",\"@id\":\"https:\/\/casadetolos.com\/gl\/presentacion-do-libro-cd-de-voces-ceibes-a-milladoiro-3\/\",\"url\":\"https:\/\/casadetolos.com\/gl\/presentacion-do-libro-cd-de-voces-ceibes-a-milladoiro-3\/\",\"name\":\"Presentaci\u00f3n do libro-CD de Voces Ceibes a Milladoiro - Casa de Tolos\",\"isPartOf\":{\"@id\":\"https:\/\/casadetolos.com\/#website\"},\"primaryImageOfPage\":{\"@id\":\"https:\/\/casadetolos.com\/gl\/presentacion-do-libro-cd-de-voces-ceibes-a-milladoiro-3\/#primaryimage\"},\"image\":{\"@id\":\"https:\/\/casadetolos.com\/gl\/presentacion-do-libro-cd-de-voces-ceibes-a-milladoiro-3\/#primaryimage\"},\"thumbnailUrl\":\"https:\/\/casadetolos.com\/wp-content\/uploads\/2013\/12\/11321535235_d2232104d9_z.jpg\",\"datePublished\":\"2013-12-11T00:44:26+00:00\",\"dateModified\":\"2026-02-05T16:34:25+00:00\",\"breadcrumb\":{\"@id\":\"https:\/\/casadetolos.com\/gl\/presentacion-do-libro-cd-de-voces-ceibes-a-milladoiro-3\/#breadcrumb\"},\"inLanguage\":\"gl-ES\",\"potentialAction\":[{\"@type\":\"ReadAction\",\"target\":[\"https:\/\/casadetolos.com\/gl\/presentacion-do-libro-cd-de-voces-ceibes-a-milladoiro-3\/\"]}]},{\"@type\":\"ImageObject\",\"inLanguage\":\"gl-ES\",\"@id\":\"https:\/\/casadetolos.com\/gl\/presentacion-do-libro-cd-de-voces-ceibes-a-milladoiro-3\/#primaryimage\",\"url\":\"https:\/\/casadetolos.com\/wp-content\/uploads\/2013\/12\/11321535235_d2232104d9_z.jpg\",\"contentUrl\":\"https:\/\/casadetolos.com\/wp-content\/uploads\/2013\/12\/11321535235_d2232104d9_z.jpg\",\"width\":640,\"height\":608},{\"@type\":\"BreadcrumbList\",\"@id\":\"https:\/\/casadetolos.com\/gl\/presentacion-do-libro-cd-de-voces-ceibes-a-milladoiro-3\/#breadcrumb\",\"itemListElement\":[{\"@type\":\"ListItem\",\"position\":1,\"name\":\"Portada\",\"item\":\"https:\/\/casadetolos.com\/gl\/\"},{\"@type\":\"ListItem\",\"position\":2,\"name\":\"Presentaci\u00f3n do libro-CD de Voces Ceibes a Milladoiro\"}]},{\"@type\":\"WebSite\",\"@id\":\"https:\/\/casadetolos.com\/#website\",\"url\":\"https:\/\/casadetolos.com\/\",\"name\":\"Casa de Tolos\",\"description\":\"Estudio de grabaci\u00f3n de audio y v\u00eddeo\",\"publisher\":{\"@id\":\"https:\/\/casadetolos.com\/#organization\"},\"potentialAction\":[{\"@type\":\"SearchAction\",\"target\":{\"@type\":\"EntryPoint\",\"urlTemplate\":\"https:\/\/casadetolos.com\/?s={search_term_string}\"},\"query-input\":{\"@type\":\"PropertyValueSpecification\",\"valueRequired\":true,\"valueName\":\"search_term_string\"}}],\"inLanguage\":\"gl-ES\"},{\"@type\":\"Organization\",\"@id\":\"https:\/\/casadetolos.com\/#organization\",\"name\":\"Casa de Tolos\",\"url\":\"https:\/\/casadetolos.com\/\",\"logo\":{\"@type\":\"ImageObject\",\"inLanguage\":\"gl-ES\",\"@id\":\"https:\/\/casadetolos.com\/#\/schema\/logo\/image\/\",\"url\":\"https:\/\/casadetolos.com\/wp-content\/uploads\/2015\/02\/logo_cdt_75.png\",\"contentUrl\":\"https:\/\/casadetolos.com\/wp-content\/uploads\/2015\/02\/logo_cdt_75.png\",\"width\":123,\"height\":75,\"caption\":\"Casa de Tolos\"},\"image\":{\"@id\":\"https:\/\/casadetolos.com\/#\/schema\/logo\/image\/\"}},{\"@type\":\"Person\",\"@id\":\"https:\/\/casadetolos.com\/#\/schema\/person\/fe4f9393bd91453e0278baa8ff85237d\",\"name\":\"Pablo Casal\",\"image\":{\"@type\":\"ImageObject\",\"inLanguage\":\"gl-ES\",\"@id\":\"https:\/\/casadetolos.com\/#\/schema\/person\/image\/\",\"url\":\"https:\/\/secure.gravatar.com\/avatar\/acdb785ad284cad1c8579b8683a893b62b0dc4fa7c69344fe67d4dc58ff129cb?s=96&d=wavatar&r=g\",\"contentUrl\":\"https:\/\/secure.gravatar.com\/avatar\/acdb785ad284cad1c8579b8683a893b62b0dc4fa7c69344fe67d4dc58ff129cb?s=96&d=wavatar&r=g\",\"caption\":\"Pablo Casal\"},\"url\":\"https:\/\/casadetolos.com\/gl\/author\/pablo\/\"}]}<\/script>\n<!-- \/ Yoast SEO plugin. -->","yoast_head_json":{"title":"Presentaci\u00f3n do libro-CD de Voces Ceibes a Milladoiro - Casa de Tolos","robots":{"index":"index","follow":"follow","max-snippet":"max-snippet:-1","max-image-preview":"max-image-preview:large","max-video-preview":"max-video-preview:-1"},"canonical":"https:\/\/casadetolos.com\/gl\/presentacion-do-libro-cd-de-voces-ceibes-a-milladoiro-3\/","og_locale":"gl_ES","og_type":"article","og_title":"Presentaci\u00f3n do libro-CD de Voces Ceibes a Milladoiro - Casa de Tolos","og_description":"Unha memoria do Movimento Popular da Canci\u00f3n Galega (1973-1978): DE VOCES CEIBES A MILLADOIRO \u00e9 moito m\u00e1is ca un libro.","og_url":"https:\/\/casadetolos.com\/gl\/presentacion-do-libro-cd-de-voces-ceibes-a-milladoiro-3\/","og_site_name":"Casa de Tolos","article_published_time":"2013-12-11T00:44:26+00:00","article_modified_time":"2026-02-05T16:34:25+00:00","og_image":[{"width":640,"height":608,"url":"https:\/\/casadetolos.com\/wp-content\/uploads\/2013\/12\/11321535235_d2232104d9_z.jpg","type":"image\/jpeg"}],"author":"Pablo Casal","twitter_misc":{"Written by":"Pablo Casal","Est. reading time":"2 minutes"},"schema":{"@context":"https:\/\/schema.org","@graph":[{"@type":"Article","@id":"https:\/\/casadetolos.com\/gl\/presentacion-do-libro-cd-de-voces-ceibes-a-milladoiro-3\/#article","isPartOf":{"@id":"https:\/\/casadetolos.com\/gl\/presentacion-do-libro-cd-de-voces-ceibes-a-milladoiro-3\/"},"author":{"name":"Pablo Casal","@id":"https:\/\/casadetolos.com\/#\/schema\/person\/fe4f9393bd91453e0278baa8ff85237d"},"headline":"Presentaci\u00f3n do libro-CD de Voces Ceibes a Milladoiro","datePublished":"2013-12-11T00:44:26+00:00","dateModified":"2026-02-05T16:34:25+00:00","mainEntityOfPage":{"@id":"https:\/\/casadetolos.com\/gl\/presentacion-do-libro-cd-de-voces-ceibes-a-milladoiro-3\/"},"wordCount":222,"commentCount":0,"publisher":{"@id":"https:\/\/casadetolos.com\/#organization"},"image":{"@id":"https:\/\/casadetolos.com\/gl\/presentacion-do-libro-cd-de-voces-ceibes-a-milladoiro-3\/#primaryimage"},"thumbnailUrl":"https:\/\/casadetolos.com\/wp-content\/uploads\/2013\/12\/11321535235_d2232104d9_z.jpg","articleSection":["Novas"],"inLanguage":"gl-ES","potentialAction":[{"@type":"CommentAction","name":"Comment","target":["https:\/\/casadetolos.com\/gl\/presentacion-do-libro-cd-de-voces-ceibes-a-milladoiro-3\/#respond"]}]},{"@type":"WebPage","@id":"https:\/\/casadetolos.com\/gl\/presentacion-do-libro-cd-de-voces-ceibes-a-milladoiro-3\/","url":"https:\/\/casadetolos.com\/gl\/presentacion-do-libro-cd-de-voces-ceibes-a-milladoiro-3\/","name":"Presentaci\u00f3n do libro-CD de Voces Ceibes a Milladoiro - Casa de Tolos","isPartOf":{"@id":"https:\/\/casadetolos.com\/#website"},"primaryImageOfPage":{"@id":"https:\/\/casadetolos.com\/gl\/presentacion-do-libro-cd-de-voces-ceibes-a-milladoiro-3\/#primaryimage"},"image":{"@id":"https:\/\/casadetolos.com\/gl\/presentacion-do-libro-cd-de-voces-ceibes-a-milladoiro-3\/#primaryimage"},"thumbnailUrl":"https:\/\/casadetolos.com\/wp-content\/uploads\/2013\/12\/11321535235_d2232104d9_z.jpg","datePublished":"2013-12-11T00:44:26+00:00","dateModified":"2026-02-05T16:34:25+00:00","breadcrumb":{"@id":"https:\/\/casadetolos.com\/gl\/presentacion-do-libro-cd-de-voces-ceibes-a-milladoiro-3\/#breadcrumb"},"inLanguage":"gl-ES","potentialAction":[{"@type":"ReadAction","target":["https:\/\/casadetolos.com\/gl\/presentacion-do-libro-cd-de-voces-ceibes-a-milladoiro-3\/"]}]},{"@type":"ImageObject","inLanguage":"gl-ES","@id":"https:\/\/casadetolos.com\/gl\/presentacion-do-libro-cd-de-voces-ceibes-a-milladoiro-3\/#primaryimage","url":"https:\/\/casadetolos.com\/wp-content\/uploads\/2013\/12\/11321535235_d2232104d9_z.jpg","contentUrl":"https:\/\/casadetolos.com\/wp-content\/uploads\/2013\/12\/11321535235_d2232104d9_z.jpg","width":640,"height":608},{"@type":"BreadcrumbList","@id":"https:\/\/casadetolos.com\/gl\/presentacion-do-libro-cd-de-voces-ceibes-a-milladoiro-3\/#breadcrumb","itemListElement":[{"@type":"ListItem","position":1,"name":"Portada","item":"https:\/\/casadetolos.com\/gl\/"},{"@type":"ListItem","position":2,"name":"Presentaci\u00f3n do libro-CD de Voces Ceibes a Milladoiro"}]},{"@type":"WebSite","@id":"https:\/\/casadetolos.com\/#website","url":"https:\/\/casadetolos.com\/","name":"Casa de Tolos","description":"Estudio de grabaci\u00f3n de audio y v\u00eddeo","publisher":{"@id":"https:\/\/casadetolos.com\/#organization"},"potentialAction":[{"@type":"SearchAction","target":{"@type":"EntryPoint","urlTemplate":"https:\/\/casadetolos.com\/?s={search_term_string}"},"query-input":{"@type":"PropertyValueSpecification","valueRequired":true,"valueName":"search_term_string"}}],"inLanguage":"gl-ES"},{"@type":"Organization","@id":"https:\/\/casadetolos.com\/#organization","name":"Casa de Tolos","url":"https:\/\/casadetolos.com\/","logo":{"@type":"ImageObject","inLanguage":"gl-ES","@id":"https:\/\/casadetolos.com\/#\/schema\/logo\/image\/","url":"https:\/\/casadetolos.com\/wp-content\/uploads\/2015\/02\/logo_cdt_75.png","contentUrl":"https:\/\/casadetolos.com\/wp-content\/uploads\/2015\/02\/logo_cdt_75.png","width":123,"height":75,"caption":"Casa de Tolos"},"image":{"@id":"https:\/\/casadetolos.com\/#\/schema\/logo\/image\/"}},{"@type":"Person","@id":"https:\/\/casadetolos.com\/#\/schema\/person\/fe4f9393bd91453e0278baa8ff85237d","name":"Pablo Casal","image":{"@type":"ImageObject","inLanguage":"gl-ES","@id":"https:\/\/casadetolos.com\/#\/schema\/person\/image\/","url":"https:\/\/secure.gravatar.com\/avatar\/acdb785ad284cad1c8579b8683a893b62b0dc4fa7c69344fe67d4dc58ff129cb?s=96&d=wavatar&r=g","contentUrl":"https:\/\/secure.gravatar.com\/avatar\/acdb785ad284cad1c8579b8683a893b62b0dc4fa7c69344fe67d4dc58ff129cb?s=96&d=wavatar&r=g","caption":"Pablo Casal"},"url":"https:\/\/casadetolos.com\/gl\/author\/pablo\/"}]}},"_links":{"self":[{"href":"https:\/\/casadetolos.com\/gl\/wp-json\/wp\/v2\/posts\/633","targetHints":{"allow":["GET"]}}],"collection":[{"href":"https:\/\/casadetolos.com\/gl\/wp-json\/wp\/v2\/posts"}],"about":[{"href":"https:\/\/casadetolos.com\/gl\/wp-json\/wp\/v2\/types\/post"}],"author":[{"embeddable":true,"href":"https:\/\/casadetolos.com\/gl\/wp-json\/wp\/v2\/users\/150"}],"replies":[{"embeddable":true,"href":"https:\/\/casadetolos.com\/gl\/wp-json\/wp\/v2\/comments?post=633"}],"version-history":[{"count":15,"href":"https:\/\/casadetolos.com\/gl\/wp-json\/wp\/v2\/posts\/633\/revisions"}],"predecessor-version":[{"id":6353,"href":"https:\/\/casadetolos.com\/gl\/wp-json\/wp\/v2\/posts\/633\/revisions\/6353"}],"wp:featuredmedia":[{"embeddable":true,"href":"https:\/\/casadetolos.com\/gl\/wp-json\/wp\/v2\/media\/631"}],"wp:attachment":[{"href":"https:\/\/casadetolos.com\/gl\/wp-json\/wp\/v2\/media?parent=633"}],"wp:term":[{"taxonomy":"category","embeddable":true,"href":"https:\/\/casadetolos.com\/gl\/wp-json\/wp\/v2\/categories?post=633"},{"taxonomy":"post_tag","embeddable":true,"href":"https:\/\/casadetolos.com\/gl\/wp-json\/wp\/v2\/tags?post=633"}],"curies":[{"name":"wp","href":"https:\/\/api.w.org\/{rel}","templated":true}]}}