
{"id":626,"date":"2013-12-11T01:28:20","date_gmt":"2013-12-11T00:28:20","guid":{"rendered":"https:\/\/casadetolos.com\/?p=626"},"modified":"2026-02-05T17:33:45","modified_gmt":"2026-02-05T16:33:45","slug":"gala-dos-premios-galegos-da-musica-martin-codax","status":"publish","type":"post","link":"https:\/\/casadetolos.com\/gl\/gala-dos-premios-galegos-da-musica-martin-codax\/","title":{"rendered":"Gala dos Premios Galegos da M\u00fasica Mart\u00edn Codax"},"content":{"rendered":"<p>O venres d\u00eda 13 de decembro de 2013, celebrouse a Gala de entrega dos I Premios Galegos\u00a0da M\u00fasica no Pazo\u00a0da cultura de Pontevedra.\u00a0Casa de Tolos encargouse de toda a parte audiovisual da Gala.\u00a0Por primeira vez, os m\u00fasicos galegos te\u00f1en o seu espazo para reunirse e reco\u00f1ecerse p\u00fablicamente os seus\u00a0trabalhos.<\/p>\n<p><a title=\"gala premios por Casa de Tolos, en Flickr\" href=\"http:\/\/www.flickr.com\/photos\/37023647@N08\/11286896406\/\"><img loading=\"lazy\" decoding=\"async\" src=\"http:\/\/farm4.staticflickr.com\/3773\/11286896406_6d4ee17202_n.jpg\" alt=\"gala premios\" width=\"320\" height=\"98\" \/><\/a> <a title=\"1a9a8f32-51f1-4b04-9b64-f56fa4f0293a_zpsb351599b por Casa de Tolos, en Flickr\" href=\"http:\/\/www.flickr.com\/photos\/37023647@N08\/11286847995\/\"><img loading=\"lazy\" decoding=\"async\" src=\"http:\/\/farm8.staticflickr.com\/7363\/11286847995_c382ae9914_m.jpg\" alt=\"1a9a8f32-51f1-4b04-9b64-f56fa4f0293a_zpsb351599b\" width=\"240\" height=\"94\" \/><\/a><\/p>\n<p>Estos son os ga\u00f1adores:<\/p>\n<p>M\u00fasica infantil: Mam\u00e1 Cabra<br \/>\nRock, blues, funk &amp; soul: NARF<br \/>\nM\u00fasicas do mundo: Banda Crebinsky<br \/>\nM\u00fasica tradicional galega: Treixadura<br \/>\nPop e indie: Eladio y Los Seres Queridos<br \/>\nReggae, ska &amp; mestizaxe: Transilvanians<br \/>\nElectr\u00f3nica: Das Kapital<br \/>\n<span class=\"text_exposed_show\">Jazz e m\u00fasicas improvisadas: Abe R\u00e1bade Tr\u00edo<br \/>\nOrquestras, grupos e m\u00fasica de verbena: A Magnifique Bande<br \/>\nMetal: Machina<br \/>\nM\u00fasica cl\u00e1sica e contempor\u00e1nea: Taller Atl\u00e1ntico Contempor\u00e1neo<br \/>\nFolque: Berrog\u00fcetto<br \/>\nHip-Hop e m\u00fasicas urbanas: Dios ke te Crew<br \/>\nPremio Honor\u00edfico M\u00fasicos ao Vivo 2013: Antonio Cruz Ar\u00e9valo \u201cPeri\u201d<\/span><\/p>\n<div class=\"flickr-justified-gallery-error\"><span style=\"color:red\">Flickr API error: <\/span><span class=\"flickr-justified-gallery-error-msg\">Invalid API Key (Key has invalid format)<\/span><\/div>\n<p>Fotos de Pxelin Photos y Xabicas<\/p>\n","protected":false},"excerpt":{"rendered":"<p>O venres d\u00eda 13 de decembro de 2013, celebrouse a Gala de entrega dos I Premios Galegos\u00a0da M\u00fasica no Pazo\u00a0da<\/p>\n","protected":false},"author":150,"featured_media":624,"comment_status":"open","ping_status":"open","sticky":false,"template":"","format":"standard","meta":{"footnotes":""},"categories":[28],"tags":[],"class_list":["post-626","post","type-post","status-publish","format-standard","has-post-thumbnail","hentry","category-novas-gl"],"yoast_head":"<!-- This site is optimized with the Yoast SEO plugin v27.1.1 - https:\/\/yoast.com\/product\/yoast-seo-wordpress\/ -->\n<title>Gala dos Premios Galegos da M\u00fasica Mart\u00edn Codax - Casa de Tolos<\/title>\n<meta name=\"robots\" content=\"index, follow, max-snippet:-1, max-image-preview:large, max-video-preview:-1\" \/>\n<link rel=\"canonical\" href=\"https:\/\/casadetolos.com\/gl\/gala-dos-premios-galegos-da-musica-martin-codax\/\" \/>\n<meta property=\"og:locale\" content=\"gl_ES\" \/>\n<meta property=\"og:type\" content=\"article\" \/>\n<meta property=\"og:title\" content=\"Gala dos Premios Galegos da M\u00fasica Mart\u00edn Codax - Casa de Tolos\" \/>\n<meta property=\"og:description\" content=\"O venres d\u00eda 13 de decembro de 2013, celebrouse a Gala de entrega dos I Premios Galegos\u00a0da M\u00fasica no Pazo\u00a0da\" \/>\n<meta property=\"og:url\" content=\"https:\/\/casadetolos.com\/gl\/gala-dos-premios-galegos-da-musica-martin-codax\/\" \/>\n<meta property=\"og:site_name\" content=\"Casa de Tolos\" \/>\n<meta property=\"article:published_time\" content=\"2013-12-11T00:28:20+00:00\" \/>\n<meta property=\"article:modified_time\" content=\"2026-02-05T16:33:45+00:00\" \/>\n<meta property=\"og:image\" content=\"https:\/\/casadetolos.com\/wp-content\/uploads\/2013\/12\/11286896406_6d4ee17202_n.jpg\" \/>\n\t<meta property=\"og:image:width\" content=\"320\" \/>\n\t<meta property=\"og:image:height\" content=\"98\" \/>\n\t<meta property=\"og:image:type\" content=\"image\/jpeg\" \/>\n<meta name=\"author\" content=\"Pablo Casal\" \/>\n<meta name=\"twitter:label1\" content=\"Written by\" \/>\n\t<meta name=\"twitter:data1\" content=\"Pablo Casal\" \/>\n\t<meta name=\"twitter:label2\" content=\"Est. reading time\" \/>\n\t<meta name=\"twitter:data2\" content=\"2 minutes\" \/>\n<script type=\"application\/ld+json\" class=\"yoast-schema-graph\">{\"@context\":\"https:\/\/schema.org\",\"@graph\":[{\"@type\":\"Article\",\"@id\":\"https:\/\/casadetolos.com\/gl\/gala-dos-premios-galegos-da-musica-martin-codax\/#article\",\"isPartOf\":{\"@id\":\"https:\/\/casadetolos.com\/gl\/gala-dos-premios-galegos-da-musica-martin-codax\/\"},\"author\":{\"name\":\"Pablo Casal\",\"@id\":\"https:\/\/casadetolos.com\/#\/schema\/person\/fe4f9393bd91453e0278baa8ff85237d\"},\"headline\":\"Gala dos Premios Galegos da M\u00fasica Mart\u00edn Codax\",\"datePublished\":\"2013-12-11T00:28:20+00:00\",\"dateModified\":\"2026-02-05T16:33:45+00:00\",\"mainEntityOfPage\":{\"@id\":\"https:\/\/casadetolos.com\/gl\/gala-dos-premios-galegos-da-musica-martin-codax\/\"},\"wordCount\":182,\"commentCount\":0,\"publisher\":{\"@id\":\"https:\/\/casadetolos.com\/#organization\"},\"image\":{\"@id\":\"https:\/\/casadetolos.com\/gl\/gala-dos-premios-galegos-da-musica-martin-codax\/#primaryimage\"},\"thumbnailUrl\":\"https:\/\/casadetolos.com\/wp-content\/uploads\/2013\/12\/11286896406_6d4ee17202_n.jpg\",\"articleSection\":[\"Novas\"],\"inLanguage\":\"gl-ES\",\"potentialAction\":[{\"@type\":\"CommentAction\",\"name\":\"Comment\",\"target\":[\"https:\/\/casadetolos.com\/gl\/gala-dos-premios-galegos-da-musica-martin-codax\/#respond\"]}]},{\"@type\":\"WebPage\",\"@id\":\"https:\/\/casadetolos.com\/gl\/gala-dos-premios-galegos-da-musica-martin-codax\/\",\"url\":\"https:\/\/casadetolos.com\/gl\/gala-dos-premios-galegos-da-musica-martin-codax\/\",\"name\":\"Gala dos Premios Galegos da M\u00fasica Mart\u00edn Codax - Casa de Tolos\",\"isPartOf\":{\"@id\":\"https:\/\/casadetolos.com\/#website\"},\"primaryImageOfPage\":{\"@id\":\"https:\/\/casadetolos.com\/gl\/gala-dos-premios-galegos-da-musica-martin-codax\/#primaryimage\"},\"image\":{\"@id\":\"https:\/\/casadetolos.com\/gl\/gala-dos-premios-galegos-da-musica-martin-codax\/#primaryimage\"},\"thumbnailUrl\":\"https:\/\/casadetolos.com\/wp-content\/uploads\/2013\/12\/11286896406_6d4ee17202_n.jpg\",\"datePublished\":\"2013-12-11T00:28:20+00:00\",\"dateModified\":\"2026-02-05T16:33:45+00:00\",\"breadcrumb\":{\"@id\":\"https:\/\/casadetolos.com\/gl\/gala-dos-premios-galegos-da-musica-martin-codax\/#breadcrumb\"},\"inLanguage\":\"gl-ES\",\"potentialAction\":[{\"@type\":\"ReadAction\",\"target\":[\"https:\/\/casadetolos.com\/gl\/gala-dos-premios-galegos-da-musica-martin-codax\/\"]}]},{\"@type\":\"ImageObject\",\"inLanguage\":\"gl-ES\",\"@id\":\"https:\/\/casadetolos.com\/gl\/gala-dos-premios-galegos-da-musica-martin-codax\/#primaryimage\",\"url\":\"https:\/\/casadetolos.com\/wp-content\/uploads\/2013\/12\/11286896406_6d4ee17202_n.jpg\",\"contentUrl\":\"https:\/\/casadetolos.com\/wp-content\/uploads\/2013\/12\/11286896406_6d4ee17202_n.jpg\",\"width\":320,\"height\":98},{\"@type\":\"BreadcrumbList\",\"@id\":\"https:\/\/casadetolos.com\/gl\/gala-dos-premios-galegos-da-musica-martin-codax\/#breadcrumb\",\"itemListElement\":[{\"@type\":\"ListItem\",\"position\":1,\"name\":\"Portada\",\"item\":\"https:\/\/casadetolos.com\/gl\/\"},{\"@type\":\"ListItem\",\"position\":2,\"name\":\"Gala dos Premios Galegos da M\u00fasica Mart\u00edn Codax\"}]},{\"@type\":\"WebSite\",\"@id\":\"https:\/\/casadetolos.com\/#website\",\"url\":\"https:\/\/casadetolos.com\/\",\"name\":\"Casa de Tolos\",\"description\":\"Estudio de grabaci\u00f3n de audio y v\u00eddeo\",\"publisher\":{\"@id\":\"https:\/\/casadetolos.com\/#organization\"},\"potentialAction\":[{\"@type\":\"SearchAction\",\"target\":{\"@type\":\"EntryPoint\",\"urlTemplate\":\"https:\/\/casadetolos.com\/?s={search_term_string}\"},\"query-input\":{\"@type\":\"PropertyValueSpecification\",\"valueRequired\":true,\"valueName\":\"search_term_string\"}}],\"inLanguage\":\"gl-ES\"},{\"@type\":\"Organization\",\"@id\":\"https:\/\/casadetolos.com\/#organization\",\"name\":\"Casa de Tolos\",\"url\":\"https:\/\/casadetolos.com\/\",\"logo\":{\"@type\":\"ImageObject\",\"inLanguage\":\"gl-ES\",\"@id\":\"https:\/\/casadetolos.com\/#\/schema\/logo\/image\/\",\"url\":\"https:\/\/casadetolos.com\/wp-content\/uploads\/2015\/02\/logo_cdt_75.png\",\"contentUrl\":\"https:\/\/casadetolos.com\/wp-content\/uploads\/2015\/02\/logo_cdt_75.png\",\"width\":123,\"height\":75,\"caption\":\"Casa de Tolos\"},\"image\":{\"@id\":\"https:\/\/casadetolos.com\/#\/schema\/logo\/image\/\"}},{\"@type\":\"Person\",\"@id\":\"https:\/\/casadetolos.com\/#\/schema\/person\/fe4f9393bd91453e0278baa8ff85237d\",\"name\":\"Pablo Casal\",\"image\":{\"@type\":\"ImageObject\",\"inLanguage\":\"gl-ES\",\"@id\":\"https:\/\/casadetolos.com\/#\/schema\/person\/image\/\",\"url\":\"https:\/\/secure.gravatar.com\/avatar\/acdb785ad284cad1c8579b8683a893b62b0dc4fa7c69344fe67d4dc58ff129cb?s=96&d=wavatar&r=g\",\"contentUrl\":\"https:\/\/secure.gravatar.com\/avatar\/acdb785ad284cad1c8579b8683a893b62b0dc4fa7c69344fe67d4dc58ff129cb?s=96&d=wavatar&r=g\",\"caption\":\"Pablo Casal\"},\"url\":\"https:\/\/casadetolos.com\/gl\/author\/pablo\/\"}]}<\/script>\n<!-- \/ Yoast SEO plugin. -->","yoast_head_json":{"title":"Gala dos Premios Galegos da M\u00fasica Mart\u00edn Codax - Casa de Tolos","robots":{"index":"index","follow":"follow","max-snippet":"max-snippet:-1","max-image-preview":"max-image-preview:large","max-video-preview":"max-video-preview:-1"},"canonical":"https:\/\/casadetolos.com\/gl\/gala-dos-premios-galegos-da-musica-martin-codax\/","og_locale":"gl_ES","og_type":"article","og_title":"Gala dos Premios Galegos da M\u00fasica Mart\u00edn Codax - Casa de Tolos","og_description":"O venres d\u00eda 13 de decembro de 2013, celebrouse a Gala de entrega dos I Premios Galegos\u00a0da M\u00fasica no Pazo\u00a0da","og_url":"https:\/\/casadetolos.com\/gl\/gala-dos-premios-galegos-da-musica-martin-codax\/","og_site_name":"Casa de Tolos","article_published_time":"2013-12-11T00:28:20+00:00","article_modified_time":"2026-02-05T16:33:45+00:00","og_image":[{"width":320,"height":98,"url":"https:\/\/casadetolos.com\/wp-content\/uploads\/2013\/12\/11286896406_6d4ee17202_n.jpg","type":"image\/jpeg"}],"author":"Pablo Casal","twitter_misc":{"Written by":"Pablo Casal","Est. reading time":"2 minutes"},"schema":{"@context":"https:\/\/schema.org","@graph":[{"@type":"Article","@id":"https:\/\/casadetolos.com\/gl\/gala-dos-premios-galegos-da-musica-martin-codax\/#article","isPartOf":{"@id":"https:\/\/casadetolos.com\/gl\/gala-dos-premios-galegos-da-musica-martin-codax\/"},"author":{"name":"Pablo Casal","@id":"https:\/\/casadetolos.com\/#\/schema\/person\/fe4f9393bd91453e0278baa8ff85237d"},"headline":"Gala dos Premios Galegos da M\u00fasica Mart\u00edn Codax","datePublished":"2013-12-11T00:28:20+00:00","dateModified":"2026-02-05T16:33:45+00:00","mainEntityOfPage":{"@id":"https:\/\/casadetolos.com\/gl\/gala-dos-premios-galegos-da-musica-martin-codax\/"},"wordCount":182,"commentCount":0,"publisher":{"@id":"https:\/\/casadetolos.com\/#organization"},"image":{"@id":"https:\/\/casadetolos.com\/gl\/gala-dos-premios-galegos-da-musica-martin-codax\/#primaryimage"},"thumbnailUrl":"https:\/\/casadetolos.com\/wp-content\/uploads\/2013\/12\/11286896406_6d4ee17202_n.jpg","articleSection":["Novas"],"inLanguage":"gl-ES","potentialAction":[{"@type":"CommentAction","name":"Comment","target":["https:\/\/casadetolos.com\/gl\/gala-dos-premios-galegos-da-musica-martin-codax\/#respond"]}]},{"@type":"WebPage","@id":"https:\/\/casadetolos.com\/gl\/gala-dos-premios-galegos-da-musica-martin-codax\/","url":"https:\/\/casadetolos.com\/gl\/gala-dos-premios-galegos-da-musica-martin-codax\/","name":"Gala dos Premios Galegos da M\u00fasica Mart\u00edn Codax - Casa de Tolos","isPartOf":{"@id":"https:\/\/casadetolos.com\/#website"},"primaryImageOfPage":{"@id":"https:\/\/casadetolos.com\/gl\/gala-dos-premios-galegos-da-musica-martin-codax\/#primaryimage"},"image":{"@id":"https:\/\/casadetolos.com\/gl\/gala-dos-premios-galegos-da-musica-martin-codax\/#primaryimage"},"thumbnailUrl":"https:\/\/casadetolos.com\/wp-content\/uploads\/2013\/12\/11286896406_6d4ee17202_n.jpg","datePublished":"2013-12-11T00:28:20+00:00","dateModified":"2026-02-05T16:33:45+00:00","breadcrumb":{"@id":"https:\/\/casadetolos.com\/gl\/gala-dos-premios-galegos-da-musica-martin-codax\/#breadcrumb"},"inLanguage":"gl-ES","potentialAction":[{"@type":"ReadAction","target":["https:\/\/casadetolos.com\/gl\/gala-dos-premios-galegos-da-musica-martin-codax\/"]}]},{"@type":"ImageObject","inLanguage":"gl-ES","@id":"https:\/\/casadetolos.com\/gl\/gala-dos-premios-galegos-da-musica-martin-codax\/#primaryimage","url":"https:\/\/casadetolos.com\/wp-content\/uploads\/2013\/12\/11286896406_6d4ee17202_n.jpg","contentUrl":"https:\/\/casadetolos.com\/wp-content\/uploads\/2013\/12\/11286896406_6d4ee17202_n.jpg","width":320,"height":98},{"@type":"BreadcrumbList","@id":"https:\/\/casadetolos.com\/gl\/gala-dos-premios-galegos-da-musica-martin-codax\/#breadcrumb","itemListElement":[{"@type":"ListItem","position":1,"name":"Portada","item":"https:\/\/casadetolos.com\/gl\/"},{"@type":"ListItem","position":2,"name":"Gala dos Premios Galegos da M\u00fasica Mart\u00edn Codax"}]},{"@type":"WebSite","@id":"https:\/\/casadetolos.com\/#website","url":"https:\/\/casadetolos.com\/","name":"Casa de Tolos","description":"Estudio de grabaci\u00f3n de audio y v\u00eddeo","publisher":{"@id":"https:\/\/casadetolos.com\/#organization"},"potentialAction":[{"@type":"SearchAction","target":{"@type":"EntryPoint","urlTemplate":"https:\/\/casadetolos.com\/?s={search_term_string}"},"query-input":{"@type":"PropertyValueSpecification","valueRequired":true,"valueName":"search_term_string"}}],"inLanguage":"gl-ES"},{"@type":"Organization","@id":"https:\/\/casadetolos.com\/#organization","name":"Casa de Tolos","url":"https:\/\/casadetolos.com\/","logo":{"@type":"ImageObject","inLanguage":"gl-ES","@id":"https:\/\/casadetolos.com\/#\/schema\/logo\/image\/","url":"https:\/\/casadetolos.com\/wp-content\/uploads\/2015\/02\/logo_cdt_75.png","contentUrl":"https:\/\/casadetolos.com\/wp-content\/uploads\/2015\/02\/logo_cdt_75.png","width":123,"height":75,"caption":"Casa de Tolos"},"image":{"@id":"https:\/\/casadetolos.com\/#\/schema\/logo\/image\/"}},{"@type":"Person","@id":"https:\/\/casadetolos.com\/#\/schema\/person\/fe4f9393bd91453e0278baa8ff85237d","name":"Pablo Casal","image":{"@type":"ImageObject","inLanguage":"gl-ES","@id":"https:\/\/casadetolos.com\/#\/schema\/person\/image\/","url":"https:\/\/secure.gravatar.com\/avatar\/acdb785ad284cad1c8579b8683a893b62b0dc4fa7c69344fe67d4dc58ff129cb?s=96&d=wavatar&r=g","contentUrl":"https:\/\/secure.gravatar.com\/avatar\/acdb785ad284cad1c8579b8683a893b62b0dc4fa7c69344fe67d4dc58ff129cb?s=96&d=wavatar&r=g","caption":"Pablo Casal"},"url":"https:\/\/casadetolos.com\/gl\/author\/pablo\/"}]}},"_links":{"self":[{"href":"https:\/\/casadetolos.com\/gl\/wp-json\/wp\/v2\/posts\/626","targetHints":{"allow":["GET"]}}],"collection":[{"href":"https:\/\/casadetolos.com\/gl\/wp-json\/wp\/v2\/posts"}],"about":[{"href":"https:\/\/casadetolos.com\/gl\/wp-json\/wp\/v2\/types\/post"}],"author":[{"embeddable":true,"href":"https:\/\/casadetolos.com\/gl\/wp-json\/wp\/v2\/users\/150"}],"replies":[{"embeddable":true,"href":"https:\/\/casadetolos.com\/gl\/wp-json\/wp\/v2\/comments?post=626"}],"version-history":[{"count":15,"href":"https:\/\/casadetolos.com\/gl\/wp-json\/wp\/v2\/posts\/626\/revisions"}],"predecessor-version":[{"id":6350,"href":"https:\/\/casadetolos.com\/gl\/wp-json\/wp\/v2\/posts\/626\/revisions\/6350"}],"wp:featuredmedia":[{"embeddable":true,"href":"https:\/\/casadetolos.com\/gl\/wp-json\/wp\/v2\/media\/624"}],"wp:attachment":[{"href":"https:\/\/casadetolos.com\/gl\/wp-json\/wp\/v2\/media?parent=626"}],"wp:term":[{"taxonomy":"category","embeddable":true,"href":"https:\/\/casadetolos.com\/gl\/wp-json\/wp\/v2\/categories?post=626"},{"taxonomy":"post_tag","embeddable":true,"href":"https:\/\/casadetolos.com\/gl\/wp-json\/wp\/v2\/tags?post=626"}],"curies":[{"name":"wp","href":"https:\/\/api.w.org\/{rel}","templated":true}]}}