
{"id":588,"date":"2014-01-21T00:22:14","date_gmt":"2014-01-20T23:22:14","guid":{"rendered":"https:\/\/casadetolos.com\/?p=588"},"modified":"2026-02-05T17:31:07","modified_gmt":"2026-02-05T16:31:07","slug":"festival-metamovida-en-santiago-de-compostela-3","status":"publish","type":"post","link":"https:\/\/casadetolos.com\/gl\/festival-metamovida-en-santiago-de-compostela-3\/","title":{"rendered":"Festival Metamovida en Santiago de Compostela"},"content":{"rendered":"<p>O venres 17 de xaneiro celebrouse na Sala Capitol de Santiago A Metamovida. Un Festival diferente con bos grupos: Cr\u00f3, Guerrera, Unicornibot e Orquestra Metamovida.<\/p>\n<div class=\"flickr-justified-gallery-error\"><span style=\"color:red\">Flickr API error: <\/span><span class=\"flickr-justified-gallery-error-msg\">Invalid API Key (Key has invalid format)<\/span><\/div>\n<p>Estivemos a gravar o Festival Metamovida, cuxo colectivo, formado por m\u00fasicos da escena independente galega, elixiu Santiago de Compostela para celebrar o seu segundo festival anual. A cita, que inaugura o Compostela Rock\u00a02014, conmemorou o cuarto aniversario da orquestra Metamovida, un conxunto en constante evoluci\u00f3n nacido na provincia de\u00a0Pontevedra\u00a0que d\u00e1 cabida a distintas bandas co af\u00e1n de \u00abcrear algo que se mova e sexa grande\u00bb a partir da improvisaci\u00f3n conducida mediante xestos.<\/p>\n<p>O festival Metamovida, cuxa primeira edici\u00f3n tivo lugar en\u00a0La Iguana Club de Vigo, desenvolveuse nesta ocasi\u00f3n na sala\u00a0Capitol.<\/p>\n<p>A orquestra de rock galego que impulsa a celebraci\u00f3n, autodef\u00ednese como unha formaci\u00f3n \u00abmetam\u00f3rfica\u00bb. Actualmente re\u00fane entre dez e quince participantes que se congregan regularmente co obxectivo de potenciar a simbiose do colectivo e preparar a gravaci\u00f3n dun disco.<br \/>\nXunto co concerto da orquestra Metamovida, f\u00edo condutor do evento, actuaron como pre\u00e1mbulo tres das bandas que compo\u00f1en o colectivo musical.\u00a0Cr\u00f3!\u00a0Unicornibot\u00a0e Guerrera interpretaron temas propios nun pequeno entrem\u00e9s en solitario.<br \/>\nA primeira delas traballa nun novo \u00e1lbum que ver\u00e1 a luz en primavera,\u00a0Unicornibot\u00a0\u00e9 un cuarteto creado en\u00a0Pontevedra\u00a0hai seis anos e acaba de publicar o seu terceiro \u00e1lbum, \u201cMambotron\u00a0(Matapadre, 2013) \u201c. Guerrera, combina m\u00fasica e v\u00eddeo en tempo real\u00a0e leva dedicado \u00e1 experimentaci\u00f3n co rock e blues dende o 2009.<\/p>\n<p>Pr\u00f3ximamente en Tolemias, poderanse ver os concertos<\/p>\n<p>Cr\u00f3nica do Festival:<\/p>\n<p><a href=\"http:\/\/desconcierto.com\/musica\/En_Directo\/cronica-ii-festival-metamovida%E2%80%8B-unicornibo%E2%80%8Bt-guerrera-cro-y-la-orquesta-metamovida-sala-capitol\">http:\/\/desconcierto.com\/musica\/En_Directo\/cronica-ii-festival-metamovida%E2%80%8B-unicornibo%E2%80%8Bt-guerrera-cro-y-la-orquesta-metamovida-sala-capitol<\/a><\/p>\n","protected":false},"excerpt":{"rendered":"<p>O venres 17 de xaneiro celebrouse na Sala Capitol de Santiago A Metamovida. Un Festival diferente con bos grupos: Cr\u00f3,<\/p>\n","protected":false},"author":150,"featured_media":585,"comment_status":"open","ping_status":"open","sticky":false,"template":"","format":"standard","meta":{"footnotes":""},"categories":[28],"tags":[],"class_list":["post-588","post","type-post","status-publish","format-standard","has-post-thumbnail","hentry","category-novas-gl"],"yoast_head":"<!-- This site is optimized with the Yoast SEO plugin v27.1.1 - https:\/\/yoast.com\/product\/yoast-seo-wordpress\/ -->\n<title>Festival Metamovida en Santiago de Compostela - Casa de Tolos<\/title>\n<meta name=\"robots\" content=\"index, follow, max-snippet:-1, max-image-preview:large, max-video-preview:-1\" \/>\n<link rel=\"canonical\" href=\"https:\/\/casadetolos.com\/gl\/festival-metamovida-en-santiago-de-compostela-3\/\" \/>\n<meta property=\"og:locale\" content=\"gl_ES\" \/>\n<meta property=\"og:type\" content=\"article\" \/>\n<meta property=\"og:title\" content=\"Festival Metamovida en Santiago de Compostela - Casa de Tolos\" \/>\n<meta property=\"og:description\" content=\"O venres 17 de xaneiro celebrouse na Sala Capitol de Santiago A Metamovida. Un Festival diferente con bos grupos: Cr\u00f3,\" \/>\n<meta property=\"og:url\" content=\"https:\/\/casadetolos.com\/gl\/festival-metamovida-en-santiago-de-compostela-3\/\" \/>\n<meta property=\"og:site_name\" content=\"Casa de Tolos\" \/>\n<meta property=\"article:published_time\" content=\"2014-01-20T23:22:14+00:00\" \/>\n<meta property=\"article:modified_time\" content=\"2026-02-05T16:31:07+00:00\" \/>\n<meta property=\"og:image\" content=\"https:\/\/casadetolos.com\/wp-content\/uploads\/2014\/01\/12072560074_3ecfa7e64d_z.jpg\" \/>\n\t<meta property=\"og:image:width\" content=\"640\" \/>\n\t<meta property=\"og:image:height\" content=\"423\" \/>\n\t<meta property=\"og:image:type\" content=\"image\/jpeg\" \/>\n<meta name=\"author\" content=\"Pablo Casal\" \/>\n<meta name=\"twitter:label1\" content=\"Written by\" \/>\n\t<meta name=\"twitter:data1\" content=\"Pablo Casal\" \/>\n\t<meta name=\"twitter:label2\" content=\"Est. reading time\" \/>\n\t<meta name=\"twitter:data2\" content=\"2 minutes\" \/>\n<script type=\"application\/ld+json\" class=\"yoast-schema-graph\">{\"@context\":\"https:\/\/schema.org\",\"@graph\":[{\"@type\":\"Article\",\"@id\":\"https:\/\/casadetolos.com\/gl\/festival-metamovida-en-santiago-de-compostela-3\/#article\",\"isPartOf\":{\"@id\":\"https:\/\/casadetolos.com\/gl\/festival-metamovida-en-santiago-de-compostela-3\/\"},\"author\":{\"name\":\"Pablo Casal\",\"@id\":\"https:\/\/casadetolos.com\/#\/schema\/person\/fe4f9393bd91453e0278baa8ff85237d\"},\"headline\":\"Festival Metamovida en Santiago de Compostela\",\"datePublished\":\"2014-01-20T23:22:14+00:00\",\"dateModified\":\"2026-02-05T16:31:07+00:00\",\"mainEntityOfPage\":{\"@id\":\"https:\/\/casadetolos.com\/gl\/festival-metamovida-en-santiago-de-compostela-3\/\"},\"wordCount\":292,\"commentCount\":0,\"publisher\":{\"@id\":\"https:\/\/casadetolos.com\/#organization\"},\"image\":{\"@id\":\"https:\/\/casadetolos.com\/gl\/festival-metamovida-en-santiago-de-compostela-3\/#primaryimage\"},\"thumbnailUrl\":\"https:\/\/casadetolos.com\/wp-content\/uploads\/2014\/01\/12072560074_3ecfa7e64d_z.jpg\",\"articleSection\":[\"Novas\"],\"inLanguage\":\"gl-ES\",\"potentialAction\":[{\"@type\":\"CommentAction\",\"name\":\"Comment\",\"target\":[\"https:\/\/casadetolos.com\/gl\/festival-metamovida-en-santiago-de-compostela-3\/#respond\"]}]},{\"@type\":\"WebPage\",\"@id\":\"https:\/\/casadetolos.com\/gl\/festival-metamovida-en-santiago-de-compostela-3\/\",\"url\":\"https:\/\/casadetolos.com\/gl\/festival-metamovida-en-santiago-de-compostela-3\/\",\"name\":\"Festival Metamovida en Santiago de Compostela - Casa de Tolos\",\"isPartOf\":{\"@id\":\"https:\/\/casadetolos.com\/#website\"},\"primaryImageOfPage\":{\"@id\":\"https:\/\/casadetolos.com\/gl\/festival-metamovida-en-santiago-de-compostela-3\/#primaryimage\"},\"image\":{\"@id\":\"https:\/\/casadetolos.com\/gl\/festival-metamovida-en-santiago-de-compostela-3\/#primaryimage\"},\"thumbnailUrl\":\"https:\/\/casadetolos.com\/wp-content\/uploads\/2014\/01\/12072560074_3ecfa7e64d_z.jpg\",\"datePublished\":\"2014-01-20T23:22:14+00:00\",\"dateModified\":\"2026-02-05T16:31:07+00:00\",\"breadcrumb\":{\"@id\":\"https:\/\/casadetolos.com\/gl\/festival-metamovida-en-santiago-de-compostela-3\/#breadcrumb\"},\"inLanguage\":\"gl-ES\",\"potentialAction\":[{\"@type\":\"ReadAction\",\"target\":[\"https:\/\/casadetolos.com\/gl\/festival-metamovida-en-santiago-de-compostela-3\/\"]}]},{\"@type\":\"ImageObject\",\"inLanguage\":\"gl-ES\",\"@id\":\"https:\/\/casadetolos.com\/gl\/festival-metamovida-en-santiago-de-compostela-3\/#primaryimage\",\"url\":\"https:\/\/casadetolos.com\/wp-content\/uploads\/2014\/01\/12072560074_3ecfa7e64d_z.jpg\",\"contentUrl\":\"https:\/\/casadetolos.com\/wp-content\/uploads\/2014\/01\/12072560074_3ecfa7e64d_z.jpg\",\"width\":640,\"height\":423},{\"@type\":\"BreadcrumbList\",\"@id\":\"https:\/\/casadetolos.com\/gl\/festival-metamovida-en-santiago-de-compostela-3\/#breadcrumb\",\"itemListElement\":[{\"@type\":\"ListItem\",\"position\":1,\"name\":\"Portada\",\"item\":\"https:\/\/casadetolos.com\/gl\/\"},{\"@type\":\"ListItem\",\"position\":2,\"name\":\"Festival Metamovida en Santiago de Compostela\"}]},{\"@type\":\"WebSite\",\"@id\":\"https:\/\/casadetolos.com\/#website\",\"url\":\"https:\/\/casadetolos.com\/\",\"name\":\"Casa de Tolos\",\"description\":\"Estudio de grabaci\u00f3n de audio y v\u00eddeo\",\"publisher\":{\"@id\":\"https:\/\/casadetolos.com\/#organization\"},\"potentialAction\":[{\"@type\":\"SearchAction\",\"target\":{\"@type\":\"EntryPoint\",\"urlTemplate\":\"https:\/\/casadetolos.com\/?s={search_term_string}\"},\"query-input\":{\"@type\":\"PropertyValueSpecification\",\"valueRequired\":true,\"valueName\":\"search_term_string\"}}],\"inLanguage\":\"gl-ES\"},{\"@type\":\"Organization\",\"@id\":\"https:\/\/casadetolos.com\/#organization\",\"name\":\"Casa de Tolos\",\"url\":\"https:\/\/casadetolos.com\/\",\"logo\":{\"@type\":\"ImageObject\",\"inLanguage\":\"gl-ES\",\"@id\":\"https:\/\/casadetolos.com\/#\/schema\/logo\/image\/\",\"url\":\"https:\/\/casadetolos.com\/wp-content\/uploads\/2015\/02\/logo_cdt_75.png\",\"contentUrl\":\"https:\/\/casadetolos.com\/wp-content\/uploads\/2015\/02\/logo_cdt_75.png\",\"width\":123,\"height\":75,\"caption\":\"Casa de Tolos\"},\"image\":{\"@id\":\"https:\/\/casadetolos.com\/#\/schema\/logo\/image\/\"}},{\"@type\":\"Person\",\"@id\":\"https:\/\/casadetolos.com\/#\/schema\/person\/fe4f9393bd91453e0278baa8ff85237d\",\"name\":\"Pablo Casal\",\"image\":{\"@type\":\"ImageObject\",\"inLanguage\":\"gl-ES\",\"@id\":\"https:\/\/casadetolos.com\/#\/schema\/person\/image\/\",\"url\":\"https:\/\/secure.gravatar.com\/avatar\/acdb785ad284cad1c8579b8683a893b62b0dc4fa7c69344fe67d4dc58ff129cb?s=96&d=wavatar&r=g\",\"contentUrl\":\"https:\/\/secure.gravatar.com\/avatar\/acdb785ad284cad1c8579b8683a893b62b0dc4fa7c69344fe67d4dc58ff129cb?s=96&d=wavatar&r=g\",\"caption\":\"Pablo Casal\"},\"url\":\"https:\/\/casadetolos.com\/gl\/author\/pablo\/\"}]}<\/script>\n<!-- \/ Yoast SEO plugin. -->","yoast_head_json":{"title":"Festival Metamovida en Santiago de Compostela - Casa de Tolos","robots":{"index":"index","follow":"follow","max-snippet":"max-snippet:-1","max-image-preview":"max-image-preview:large","max-video-preview":"max-video-preview:-1"},"canonical":"https:\/\/casadetolos.com\/gl\/festival-metamovida-en-santiago-de-compostela-3\/","og_locale":"gl_ES","og_type":"article","og_title":"Festival Metamovida en Santiago de Compostela - Casa de Tolos","og_description":"O venres 17 de xaneiro celebrouse na Sala Capitol de Santiago A Metamovida. Un Festival diferente con bos grupos: Cr\u00f3,","og_url":"https:\/\/casadetolos.com\/gl\/festival-metamovida-en-santiago-de-compostela-3\/","og_site_name":"Casa de Tolos","article_published_time":"2014-01-20T23:22:14+00:00","article_modified_time":"2026-02-05T16:31:07+00:00","og_image":[{"width":640,"height":423,"url":"https:\/\/casadetolos.com\/wp-content\/uploads\/2014\/01\/12072560074_3ecfa7e64d_z.jpg","type":"image\/jpeg"}],"author":"Pablo Casal","twitter_misc":{"Written by":"Pablo Casal","Est. reading time":"2 minutes"},"schema":{"@context":"https:\/\/schema.org","@graph":[{"@type":"Article","@id":"https:\/\/casadetolos.com\/gl\/festival-metamovida-en-santiago-de-compostela-3\/#article","isPartOf":{"@id":"https:\/\/casadetolos.com\/gl\/festival-metamovida-en-santiago-de-compostela-3\/"},"author":{"name":"Pablo Casal","@id":"https:\/\/casadetolos.com\/#\/schema\/person\/fe4f9393bd91453e0278baa8ff85237d"},"headline":"Festival Metamovida en Santiago de Compostela","datePublished":"2014-01-20T23:22:14+00:00","dateModified":"2026-02-05T16:31:07+00:00","mainEntityOfPage":{"@id":"https:\/\/casadetolos.com\/gl\/festival-metamovida-en-santiago-de-compostela-3\/"},"wordCount":292,"commentCount":0,"publisher":{"@id":"https:\/\/casadetolos.com\/#organization"},"image":{"@id":"https:\/\/casadetolos.com\/gl\/festival-metamovida-en-santiago-de-compostela-3\/#primaryimage"},"thumbnailUrl":"https:\/\/casadetolos.com\/wp-content\/uploads\/2014\/01\/12072560074_3ecfa7e64d_z.jpg","articleSection":["Novas"],"inLanguage":"gl-ES","potentialAction":[{"@type":"CommentAction","name":"Comment","target":["https:\/\/casadetolos.com\/gl\/festival-metamovida-en-santiago-de-compostela-3\/#respond"]}]},{"@type":"WebPage","@id":"https:\/\/casadetolos.com\/gl\/festival-metamovida-en-santiago-de-compostela-3\/","url":"https:\/\/casadetolos.com\/gl\/festival-metamovida-en-santiago-de-compostela-3\/","name":"Festival Metamovida en Santiago de Compostela - Casa de Tolos","isPartOf":{"@id":"https:\/\/casadetolos.com\/#website"},"primaryImageOfPage":{"@id":"https:\/\/casadetolos.com\/gl\/festival-metamovida-en-santiago-de-compostela-3\/#primaryimage"},"image":{"@id":"https:\/\/casadetolos.com\/gl\/festival-metamovida-en-santiago-de-compostela-3\/#primaryimage"},"thumbnailUrl":"https:\/\/casadetolos.com\/wp-content\/uploads\/2014\/01\/12072560074_3ecfa7e64d_z.jpg","datePublished":"2014-01-20T23:22:14+00:00","dateModified":"2026-02-05T16:31:07+00:00","breadcrumb":{"@id":"https:\/\/casadetolos.com\/gl\/festival-metamovida-en-santiago-de-compostela-3\/#breadcrumb"},"inLanguage":"gl-ES","potentialAction":[{"@type":"ReadAction","target":["https:\/\/casadetolos.com\/gl\/festival-metamovida-en-santiago-de-compostela-3\/"]}]},{"@type":"ImageObject","inLanguage":"gl-ES","@id":"https:\/\/casadetolos.com\/gl\/festival-metamovida-en-santiago-de-compostela-3\/#primaryimage","url":"https:\/\/casadetolos.com\/wp-content\/uploads\/2014\/01\/12072560074_3ecfa7e64d_z.jpg","contentUrl":"https:\/\/casadetolos.com\/wp-content\/uploads\/2014\/01\/12072560074_3ecfa7e64d_z.jpg","width":640,"height":423},{"@type":"BreadcrumbList","@id":"https:\/\/casadetolos.com\/gl\/festival-metamovida-en-santiago-de-compostela-3\/#breadcrumb","itemListElement":[{"@type":"ListItem","position":1,"name":"Portada","item":"https:\/\/casadetolos.com\/gl\/"},{"@type":"ListItem","position":2,"name":"Festival Metamovida en Santiago de Compostela"}]},{"@type":"WebSite","@id":"https:\/\/casadetolos.com\/#website","url":"https:\/\/casadetolos.com\/","name":"Casa de Tolos","description":"Estudio de grabaci\u00f3n de audio y v\u00eddeo","publisher":{"@id":"https:\/\/casadetolos.com\/#organization"},"potentialAction":[{"@type":"SearchAction","target":{"@type":"EntryPoint","urlTemplate":"https:\/\/casadetolos.com\/?s={search_term_string}"},"query-input":{"@type":"PropertyValueSpecification","valueRequired":true,"valueName":"search_term_string"}}],"inLanguage":"gl-ES"},{"@type":"Organization","@id":"https:\/\/casadetolos.com\/#organization","name":"Casa de Tolos","url":"https:\/\/casadetolos.com\/","logo":{"@type":"ImageObject","inLanguage":"gl-ES","@id":"https:\/\/casadetolos.com\/#\/schema\/logo\/image\/","url":"https:\/\/casadetolos.com\/wp-content\/uploads\/2015\/02\/logo_cdt_75.png","contentUrl":"https:\/\/casadetolos.com\/wp-content\/uploads\/2015\/02\/logo_cdt_75.png","width":123,"height":75,"caption":"Casa de Tolos"},"image":{"@id":"https:\/\/casadetolos.com\/#\/schema\/logo\/image\/"}},{"@type":"Person","@id":"https:\/\/casadetolos.com\/#\/schema\/person\/fe4f9393bd91453e0278baa8ff85237d","name":"Pablo Casal","image":{"@type":"ImageObject","inLanguage":"gl-ES","@id":"https:\/\/casadetolos.com\/#\/schema\/person\/image\/","url":"https:\/\/secure.gravatar.com\/avatar\/acdb785ad284cad1c8579b8683a893b62b0dc4fa7c69344fe67d4dc58ff129cb?s=96&d=wavatar&r=g","contentUrl":"https:\/\/secure.gravatar.com\/avatar\/acdb785ad284cad1c8579b8683a893b62b0dc4fa7c69344fe67d4dc58ff129cb?s=96&d=wavatar&r=g","caption":"Pablo Casal"},"url":"https:\/\/casadetolos.com\/gl\/author\/pablo\/"}]}},"_links":{"self":[{"href":"https:\/\/casadetolos.com\/gl\/wp-json\/wp\/v2\/posts\/588","targetHints":{"allow":["GET"]}}],"collection":[{"href":"https:\/\/casadetolos.com\/gl\/wp-json\/wp\/v2\/posts"}],"about":[{"href":"https:\/\/casadetolos.com\/gl\/wp-json\/wp\/v2\/types\/post"}],"author":[{"embeddable":true,"href":"https:\/\/casadetolos.com\/gl\/wp-json\/wp\/v2\/users\/150"}],"replies":[{"embeddable":true,"href":"https:\/\/casadetolos.com\/gl\/wp-json\/wp\/v2\/comments?post=588"}],"version-history":[{"count":14,"href":"https:\/\/casadetolos.com\/gl\/wp-json\/wp\/v2\/posts\/588\/revisions"}],"predecessor-version":[{"id":6341,"href":"https:\/\/casadetolos.com\/gl\/wp-json\/wp\/v2\/posts\/588\/revisions\/6341"}],"wp:featuredmedia":[{"embeddable":true,"href":"https:\/\/casadetolos.com\/gl\/wp-json\/wp\/v2\/media\/585"}],"wp:attachment":[{"href":"https:\/\/casadetolos.com\/gl\/wp-json\/wp\/v2\/media?parent=588"}],"wp:term":[{"taxonomy":"category","embeddable":true,"href":"https:\/\/casadetolos.com\/gl\/wp-json\/wp\/v2\/categories?post=588"},{"taxonomy":"post_tag","embeddable":true,"href":"https:\/\/casadetolos.com\/gl\/wp-json\/wp\/v2\/tags?post=588"}],"curies":[{"name":"wp","href":"https:\/\/api.w.org\/{rel}","templated":true}]}}