
{"id":580,"date":"2014-01-31T23:39:32","date_gmt":"2014-01-31T22:39:32","guid":{"rendered":"https:\/\/casadetolos.com\/?p=580"},"modified":"2026-02-05T17:29:43","modified_gmt":"2026-02-05T16:29:43","slug":"trailer-dos-novos-concertos-de-tolemias-en-febreiro-2014","status":"publish","type":"post","link":"https:\/\/casadetolos.com\/gl\/trailer-dos-novos-concertos-de-tolemias-en-febreiro-2014\/","title":{"rendered":"TRAILER DOS NOVOS CONCERTOS DE TOLEMIAS EN FEBREIRO 2014"},"content":{"rendered":"<p>Trailer dos novos concertos gravados por Casa de tolos, que poder\u00e1n verse por primeira vez a partir do mes de febreiro no canal Tolemias, en R: Goymamba, Ukiemana, Miss Caffeina, Xacarandaina, The Cornelius, La Pandilla voladora e da Gala dos Premios Galegos da M\u00fasica Mart\u00edn C\u00f3dax 2013, organizada por M\u00fasicos ao vivo e presentada por o grupo teatral Ch\u00e9vere.<\/p>\n<p><iframe loading=\"lazy\" src=\"\/\/www.youtube.com\/embed\/4B_y62eiTHo\" width=\"640\" height=\"360\" frameborder=\"0\" allowfullscreen=\"allowfullscreen\"><\/iframe><\/p>\n","protected":false},"excerpt":{"rendered":"<p>Trailer dos novos concertos gravados por Casa de tolos, que poder\u00e1n verse por primeira vez a partir do mes de<\/p>\n","protected":false},"author":150,"featured_media":0,"comment_status":"open","ping_status":"open","sticky":false,"template":"","format":"standard","meta":{"footnotes":""},"categories":[28],"tags":[],"class_list":["post-580","post","type-post","status-publish","format-standard","hentry","category-novas-gl"],"yoast_head":"<!-- This site is optimized with the Yoast SEO plugin v27.1.1 - https:\/\/yoast.com\/product\/yoast-seo-wordpress\/ -->\n<title>TRAILER DOS NOVOS CONCERTOS DE TOLEMIAS EN FEBREIRO 2014 - Casa de Tolos<\/title>\n<meta name=\"robots\" content=\"index, follow, max-snippet:-1, max-image-preview:large, max-video-preview:-1\" \/>\n<link rel=\"canonical\" href=\"https:\/\/casadetolos.com\/gl\/trailer-dos-novos-concertos-de-tolemias-en-febreiro-2014\/\" \/>\n<meta property=\"og:locale\" content=\"gl_ES\" \/>\n<meta property=\"og:type\" content=\"article\" \/>\n<meta property=\"og:title\" content=\"TRAILER DOS NOVOS CONCERTOS DE TOLEMIAS EN FEBREIRO 2014 - Casa de Tolos\" \/>\n<meta property=\"og:description\" content=\"Trailer dos novos concertos gravados por Casa de tolos, que poder\u00e1n verse por primeira vez a partir do mes de\" \/>\n<meta property=\"og:url\" content=\"https:\/\/casadetolos.com\/gl\/trailer-dos-novos-concertos-de-tolemias-en-febreiro-2014\/\" \/>\n<meta property=\"og:site_name\" content=\"Casa de Tolos\" \/>\n<meta property=\"article:published_time\" content=\"2014-01-31T22:39:32+00:00\" \/>\n<meta property=\"article:modified_time\" content=\"2026-02-05T16:29:43+00:00\" \/>\n<meta name=\"author\" content=\"Pablo Casal\" \/>\n<meta name=\"twitter:label1\" content=\"Written by\" \/>\n\t<meta name=\"twitter:data1\" content=\"Pablo Casal\" \/>\n\t<meta name=\"twitter:label2\" content=\"Est. reading time\" \/>\n\t<meta name=\"twitter:data2\" content=\"1 minute\" \/>\n<script type=\"application\/ld+json\" class=\"yoast-schema-graph\">{\"@context\":\"https:\/\/schema.org\",\"@graph\":[{\"@type\":\"Article\",\"@id\":\"https:\/\/casadetolos.com\/gl\/trailer-dos-novos-concertos-de-tolemias-en-febreiro-2014\/#article\",\"isPartOf\":{\"@id\":\"https:\/\/casadetolos.com\/gl\/trailer-dos-novos-concertos-de-tolemias-en-febreiro-2014\/\"},\"author\":{\"name\":\"Pablo Casal\",\"@id\":\"https:\/\/casadetolos.com\/#\/schema\/person\/fe4f9393bd91453e0278baa8ff85237d\"},\"headline\":\"TRAILER DOS NOVOS CONCERTOS DE TOLEMIAS EN FEBREIRO 2014\",\"datePublished\":\"2014-01-31T22:39:32+00:00\",\"dateModified\":\"2026-02-05T16:29:43+00:00\",\"mainEntityOfPage\":{\"@id\":\"https:\/\/casadetolos.com\/gl\/trailer-dos-novos-concertos-de-tolemias-en-febreiro-2014\/\"},\"wordCount\":72,\"commentCount\":0,\"publisher\":{\"@id\":\"https:\/\/casadetolos.com\/#organization\"},\"articleSection\":[\"Novas\"],\"inLanguage\":\"gl-ES\",\"potentialAction\":[{\"@type\":\"CommentAction\",\"name\":\"Comment\",\"target\":[\"https:\/\/casadetolos.com\/gl\/trailer-dos-novos-concertos-de-tolemias-en-febreiro-2014\/#respond\"]}]},{\"@type\":\"WebPage\",\"@id\":\"https:\/\/casadetolos.com\/gl\/trailer-dos-novos-concertos-de-tolemias-en-febreiro-2014\/\",\"url\":\"https:\/\/casadetolos.com\/gl\/trailer-dos-novos-concertos-de-tolemias-en-febreiro-2014\/\",\"name\":\"TRAILER DOS NOVOS CONCERTOS DE TOLEMIAS EN FEBREIRO 2014 - Casa de Tolos\",\"isPartOf\":{\"@id\":\"https:\/\/casadetolos.com\/#website\"},\"datePublished\":\"2014-01-31T22:39:32+00:00\",\"dateModified\":\"2026-02-05T16:29:43+00:00\",\"breadcrumb\":{\"@id\":\"https:\/\/casadetolos.com\/gl\/trailer-dos-novos-concertos-de-tolemias-en-febreiro-2014\/#breadcrumb\"},\"inLanguage\":\"gl-ES\",\"potentialAction\":[{\"@type\":\"ReadAction\",\"target\":[\"https:\/\/casadetolos.com\/gl\/trailer-dos-novos-concertos-de-tolemias-en-febreiro-2014\/\"]}]},{\"@type\":\"BreadcrumbList\",\"@id\":\"https:\/\/casadetolos.com\/gl\/trailer-dos-novos-concertos-de-tolemias-en-febreiro-2014\/#breadcrumb\",\"itemListElement\":[{\"@type\":\"ListItem\",\"position\":1,\"name\":\"Portada\",\"item\":\"https:\/\/casadetolos.com\/gl\/\"},{\"@type\":\"ListItem\",\"position\":2,\"name\":\"TRAILER DOS NOVOS CONCERTOS DE TOLEMIAS EN FEBREIRO 2014\"}]},{\"@type\":\"WebSite\",\"@id\":\"https:\/\/casadetolos.com\/#website\",\"url\":\"https:\/\/casadetolos.com\/\",\"name\":\"Casa de Tolos\",\"description\":\"Estudio de grabaci\u00f3n de audio y v\u00eddeo\",\"publisher\":{\"@id\":\"https:\/\/casadetolos.com\/#organization\"},\"potentialAction\":[{\"@type\":\"SearchAction\",\"target\":{\"@type\":\"EntryPoint\",\"urlTemplate\":\"https:\/\/casadetolos.com\/?s={search_term_string}\"},\"query-input\":{\"@type\":\"PropertyValueSpecification\",\"valueRequired\":true,\"valueName\":\"search_term_string\"}}],\"inLanguage\":\"gl-ES\"},{\"@type\":\"Organization\",\"@id\":\"https:\/\/casadetolos.com\/#organization\",\"name\":\"Casa de Tolos\",\"url\":\"https:\/\/casadetolos.com\/\",\"logo\":{\"@type\":\"ImageObject\",\"inLanguage\":\"gl-ES\",\"@id\":\"https:\/\/casadetolos.com\/#\/schema\/logo\/image\/\",\"url\":\"https:\/\/casadetolos.com\/wp-content\/uploads\/2015\/02\/logo_cdt_75.png\",\"contentUrl\":\"https:\/\/casadetolos.com\/wp-content\/uploads\/2015\/02\/logo_cdt_75.png\",\"width\":123,\"height\":75,\"caption\":\"Casa de Tolos\"},\"image\":{\"@id\":\"https:\/\/casadetolos.com\/#\/schema\/logo\/image\/\"}},{\"@type\":\"Person\",\"@id\":\"https:\/\/casadetolos.com\/#\/schema\/person\/fe4f9393bd91453e0278baa8ff85237d\",\"name\":\"Pablo Casal\",\"image\":{\"@type\":\"ImageObject\",\"inLanguage\":\"gl-ES\",\"@id\":\"https:\/\/casadetolos.com\/#\/schema\/person\/image\/\",\"url\":\"https:\/\/secure.gravatar.com\/avatar\/acdb785ad284cad1c8579b8683a893b62b0dc4fa7c69344fe67d4dc58ff129cb?s=96&d=wavatar&r=g\",\"contentUrl\":\"https:\/\/secure.gravatar.com\/avatar\/acdb785ad284cad1c8579b8683a893b62b0dc4fa7c69344fe67d4dc58ff129cb?s=96&d=wavatar&r=g\",\"caption\":\"Pablo Casal\"},\"url\":\"https:\/\/casadetolos.com\/gl\/author\/pablo\/\"}]}<\/script>\n<!-- \/ Yoast SEO plugin. -->","yoast_head_json":{"title":"TRAILER DOS NOVOS CONCERTOS DE TOLEMIAS EN FEBREIRO 2014 - Casa de Tolos","robots":{"index":"index","follow":"follow","max-snippet":"max-snippet:-1","max-image-preview":"max-image-preview:large","max-video-preview":"max-video-preview:-1"},"canonical":"https:\/\/casadetolos.com\/gl\/trailer-dos-novos-concertos-de-tolemias-en-febreiro-2014\/","og_locale":"gl_ES","og_type":"article","og_title":"TRAILER DOS NOVOS CONCERTOS DE TOLEMIAS EN FEBREIRO 2014 - Casa de Tolos","og_description":"Trailer dos novos concertos gravados por Casa de tolos, que poder\u00e1n verse por primeira vez a partir do mes de","og_url":"https:\/\/casadetolos.com\/gl\/trailer-dos-novos-concertos-de-tolemias-en-febreiro-2014\/","og_site_name":"Casa de Tolos","article_published_time":"2014-01-31T22:39:32+00:00","article_modified_time":"2026-02-05T16:29:43+00:00","author":"Pablo Casal","twitter_misc":{"Written by":"Pablo Casal","Est. reading time":"1 minute"},"schema":{"@context":"https:\/\/schema.org","@graph":[{"@type":"Article","@id":"https:\/\/casadetolos.com\/gl\/trailer-dos-novos-concertos-de-tolemias-en-febreiro-2014\/#article","isPartOf":{"@id":"https:\/\/casadetolos.com\/gl\/trailer-dos-novos-concertos-de-tolemias-en-febreiro-2014\/"},"author":{"name":"Pablo Casal","@id":"https:\/\/casadetolos.com\/#\/schema\/person\/fe4f9393bd91453e0278baa8ff85237d"},"headline":"TRAILER DOS NOVOS CONCERTOS DE TOLEMIAS EN FEBREIRO 2014","datePublished":"2014-01-31T22:39:32+00:00","dateModified":"2026-02-05T16:29:43+00:00","mainEntityOfPage":{"@id":"https:\/\/casadetolos.com\/gl\/trailer-dos-novos-concertos-de-tolemias-en-febreiro-2014\/"},"wordCount":72,"commentCount":0,"publisher":{"@id":"https:\/\/casadetolos.com\/#organization"},"articleSection":["Novas"],"inLanguage":"gl-ES","potentialAction":[{"@type":"CommentAction","name":"Comment","target":["https:\/\/casadetolos.com\/gl\/trailer-dos-novos-concertos-de-tolemias-en-febreiro-2014\/#respond"]}]},{"@type":"WebPage","@id":"https:\/\/casadetolos.com\/gl\/trailer-dos-novos-concertos-de-tolemias-en-febreiro-2014\/","url":"https:\/\/casadetolos.com\/gl\/trailer-dos-novos-concertos-de-tolemias-en-febreiro-2014\/","name":"TRAILER DOS NOVOS CONCERTOS DE TOLEMIAS EN FEBREIRO 2014 - Casa de Tolos","isPartOf":{"@id":"https:\/\/casadetolos.com\/#website"},"datePublished":"2014-01-31T22:39:32+00:00","dateModified":"2026-02-05T16:29:43+00:00","breadcrumb":{"@id":"https:\/\/casadetolos.com\/gl\/trailer-dos-novos-concertos-de-tolemias-en-febreiro-2014\/#breadcrumb"},"inLanguage":"gl-ES","potentialAction":[{"@type":"ReadAction","target":["https:\/\/casadetolos.com\/gl\/trailer-dos-novos-concertos-de-tolemias-en-febreiro-2014\/"]}]},{"@type":"BreadcrumbList","@id":"https:\/\/casadetolos.com\/gl\/trailer-dos-novos-concertos-de-tolemias-en-febreiro-2014\/#breadcrumb","itemListElement":[{"@type":"ListItem","position":1,"name":"Portada","item":"https:\/\/casadetolos.com\/gl\/"},{"@type":"ListItem","position":2,"name":"TRAILER DOS NOVOS CONCERTOS DE TOLEMIAS EN FEBREIRO 2014"}]},{"@type":"WebSite","@id":"https:\/\/casadetolos.com\/#website","url":"https:\/\/casadetolos.com\/","name":"Casa de Tolos","description":"Estudio de grabaci\u00f3n de audio y v\u00eddeo","publisher":{"@id":"https:\/\/casadetolos.com\/#organization"},"potentialAction":[{"@type":"SearchAction","target":{"@type":"EntryPoint","urlTemplate":"https:\/\/casadetolos.com\/?s={search_term_string}"},"query-input":{"@type":"PropertyValueSpecification","valueRequired":true,"valueName":"search_term_string"}}],"inLanguage":"gl-ES"},{"@type":"Organization","@id":"https:\/\/casadetolos.com\/#organization","name":"Casa de Tolos","url":"https:\/\/casadetolos.com\/","logo":{"@type":"ImageObject","inLanguage":"gl-ES","@id":"https:\/\/casadetolos.com\/#\/schema\/logo\/image\/","url":"https:\/\/casadetolos.com\/wp-content\/uploads\/2015\/02\/logo_cdt_75.png","contentUrl":"https:\/\/casadetolos.com\/wp-content\/uploads\/2015\/02\/logo_cdt_75.png","width":123,"height":75,"caption":"Casa de Tolos"},"image":{"@id":"https:\/\/casadetolos.com\/#\/schema\/logo\/image\/"}},{"@type":"Person","@id":"https:\/\/casadetolos.com\/#\/schema\/person\/fe4f9393bd91453e0278baa8ff85237d","name":"Pablo Casal","image":{"@type":"ImageObject","inLanguage":"gl-ES","@id":"https:\/\/casadetolos.com\/#\/schema\/person\/image\/","url":"https:\/\/secure.gravatar.com\/avatar\/acdb785ad284cad1c8579b8683a893b62b0dc4fa7c69344fe67d4dc58ff129cb?s=96&d=wavatar&r=g","contentUrl":"https:\/\/secure.gravatar.com\/avatar\/acdb785ad284cad1c8579b8683a893b62b0dc4fa7c69344fe67d4dc58ff129cb?s=96&d=wavatar&r=g","caption":"Pablo Casal"},"url":"https:\/\/casadetolos.com\/gl\/author\/pablo\/"}]}},"_links":{"self":[{"href":"https:\/\/casadetolos.com\/gl\/wp-json\/wp\/v2\/posts\/580","targetHints":{"allow":["GET"]}}],"collection":[{"href":"https:\/\/casadetolos.com\/gl\/wp-json\/wp\/v2\/posts"}],"about":[{"href":"https:\/\/casadetolos.com\/gl\/wp-json\/wp\/v2\/types\/post"}],"author":[{"embeddable":true,"href":"https:\/\/casadetolos.com\/gl\/wp-json\/wp\/v2\/users\/150"}],"replies":[{"embeddable":true,"href":"https:\/\/casadetolos.com\/gl\/wp-json\/wp\/v2\/comments?post=580"}],"version-history":[{"count":15,"href":"https:\/\/casadetolos.com\/gl\/wp-json\/wp\/v2\/posts\/580\/revisions"}],"predecessor-version":[{"id":6337,"href":"https:\/\/casadetolos.com\/gl\/wp-json\/wp\/v2\/posts\/580\/revisions\/6337"}],"wp:attachment":[{"href":"https:\/\/casadetolos.com\/gl\/wp-json\/wp\/v2\/media?parent=580"}],"wp:term":[{"taxonomy":"category","embeddable":true,"href":"https:\/\/casadetolos.com\/gl\/wp-json\/wp\/v2\/categories?post=580"},{"taxonomy":"post_tag","embeddable":true,"href":"https:\/\/casadetolos.com\/gl\/wp-json\/wp\/v2\/tags?post=580"}],"curies":[{"name":"wp","href":"https:\/\/api.w.org\/{rel}","templated":true}]}}