
{"id":551,"date":"2014-03-06T19:16:12","date_gmt":"2014-03-06T18:16:12","guid":{"rendered":"https:\/\/casadetolos.com\/?p=551"},"modified":"2026-02-05T17:24:25","modified_gmt":"2026-02-05T16:24:25","slug":"gravacions-da-real-filharmonia-de-galicia-3","status":"publish","type":"post","link":"https:\/\/casadetolos.com\/gl\/gravacions-da-real-filharmonia-de-galicia-3\/","title":{"rendered":"Gravaci\u00f3ns da Real Filharmon\u00eda de Galicia"},"content":{"rendered":"<p>O 2014 ser\u00e1 un ano para recordar en Casa de Tolos, celebramos o 18 Aniversario da Real Filharmon\u00eda de Galicia, gravando os seus concertos para Tolemias: Dende a Pastoral de Beethoven, pasando por Brahms\u2026. Con programaci\u00f3ns de cl\u00e1sica de luxo e acompa\u00f1antes da Filharmon\u00eda de luxo: A violinista Caroline Widmann, o pianista Javier Perianes\u2026.<\/p>\n<p><iframe loading=\"lazy\" src=\"\/\/www.youtube.com\/embed\/A4kcndcqv4A\" width=\"640\" height=\"360\" frameborder=\"0\" allowfullscreen=\"allowfullscreen\"><\/iframe><\/p>\n<p>A Real Filharmon\u00eda de Galicia<\/p>\n<p>A Real Filharmon\u00eda de Galicia nace da man da Xunta de Galicia en 1996 cunha vocaci\u00f3n universal, como a propia cidade onde ten a s\u00faa s\u00e9, Santiago de Compostela. O Consorcio da cidade de Santiago \u00e9 o organismo encargado da s\u00faa xesti\u00f3n.<\/p>\n<p>Esta orquestra sinf\u00f3nica, que representa en si mesma o concepto de esp\u00edrito aberto, conciliador e amable que encerra a m\u00fasica, est\u00e1 formada por cincuenta m\u00fasicos de diferentes nacionalidades que aportaron a s\u00faa experiencia, formaci\u00f3n, tradici\u00f3n musical, empe\u00f1o e ilusi\u00f3n. Xunto a eles, mestres como Maximino Zumalave, m\u00fasico comprometido coa s\u00faa cidade, como director asociado; Helmuth Rilling, o primeiro director titular da orquestra que aportou a forza e empuxe necesario para iniciar este proxecto; Antoni Ros Marb\u00e0, que consolidou a s\u00faa traxectoria durante catorce anos e, agora, Paul Daniel, desde xaneiro 2013, novo director titular, han ter e te\u00f1en a responsabilidade de conducir esta formaci\u00f3n musical.<\/p>\n<p>O seu traballo permitiu que especialistas de reco\u00f1ecido prestixio acepten colaborar e compartir momentos de gran plenitude musical: Frank Peter Zimmermann, Daniel Hope ou Vadim Repin (viol\u00edn); Natalia Gutman, Llu\u00eds Clatet ou Enrico Dindo (violoncello); Joaqu\u00edn Ach\u00facarro, Rudolf Buchbinder ou Eldar Nebolsin (piano) e cantantes como Teresa Berganza, Thomas Quatshoff ou Matthias Goerne. E, por suposto, importantes directores de renombre, como Frans Br\u00fcggen, Juanjo Mena, David Afkham, Hansj\u00f6rg Schellenberger, Josep Pons ou Christop K\u00f6nig, actual director invitado, puxeron o seu batuta \u00e1 fronte da orquestra.<\/p>\n<p>A Real Filharmon\u00eda de Galicia mant\u00e9n unha tempada estable no Auditorio de Galicia de Santiago de Compostela que compatibiliza con viras e concertos nos escenarios de pa\u00edses como Alemania, Austria, Francia, Brasil, Arxentina e, especialmente, Portugal, ademais das principais cidades espa\u00f1olas, onde destaca a s\u00faa participaci\u00f3n na tempada cultural de Vigo.<\/p>\n<p>Na discograf\u00eda da RFG destacan os seus traballos dedicados a Manuel de Falla e Frederic Mompou, publicados en 2009 e a Maurice Ravel, en 2012. O seu \u00faltimo disco, editado en 2013, leva por t\u00edtulo \u201cVariaciones\u201d, no que a orquestra e a soprano Mar\u00eda Bayo renden homenaxe a Ant\u00f3n Garc\u00eda Abril.<\/p>\n<p>Director titular: Paul Daniel<\/p>\n<p><a href=\"https:\/\/casadetolos.com\/wp-content\/uploads\/2014\/07\/paul_daniel_3__medium.jpg\"><img loading=\"lazy\" decoding=\"async\" class=\"alignnone size-full wp-image-276\" src=\"https:\/\/casadetolos.com\/wp-content\/uploads\/2014\/07\/paul_daniel_3__medium.jpg\" alt=\"Paul Daniel. Director de la Real Filharmon\u00eda de Galicia\" width=\"615\" height=\"310\" srcset=\"https:\/\/casadetolos.com\/wp-content\/uploads\/2014\/07\/paul_daniel_3__medium.jpg 615w, https:\/\/casadetolos.com\/wp-content\/uploads\/2014\/07\/paul_daniel_3__medium-300x151.jpg 300w\" sizes=\"auto, (max-width: 615px) 100vw, 615px\" \/><\/a><\/p>\n<p>Paul Daniel \u00e9, dende 2013, director titular e art\u00edstico da RFG, relevando a Ros Marb\u00e0. Tam\u00e9n se encargar\u00e1 da direcci\u00f3n musical da Orquestra Nacional de Burdeos. Dende hai tres anos, \u00e9 o principal director e conselleiro art\u00edstico da West Australian Symphony Orchestra de Perth e foi director musical da English National Opera e das \u00f3peras Factory e North. Foi director invitado das m\u00e1is destacadas orquestras do mundo e, mentres estivo \u00e1 fronte da English Northern Philharmonia, levou \u00e1 orquestra a participar en moitos festivais. A s\u00faa gravaci\u00f3n da Sinfon\u00eda n\u00fam.3 de Elgar\/Payne, coa Bournemouth Symphony Orchestra, foi un dos discos de m\u00fasica cl\u00e1sica m\u00e1is vendidos do 2000.<\/p>\n<p>Entre os seus compromisos oper\u00edsticos incl\u00faense Lucrecia Borgia e As vodas de F\u00edgaro para a English National Opera e un dobre cartel con L\u2019Enfant et les Sortilleges e Der Zwerg para a \u00d3pera Nacional de Par\u00eds. Dos premios que ten recibido destaca un Olivier pola s\u00faa aportaci\u00f3n \u00e1 \u00f3pera e un Gramophone pola s\u00faa serie sobre m\u00fasica inglesa gravada co selo Naxos. Nos New Year\u2019s Honours de 2000 foi condecorado coa Cruz do Imperio Brit\u00e1nico.<\/p>\n","protected":false},"excerpt":{"rendered":"<p>O 2014 ser\u00e1 un ano para recordar en Casa de Tolos, celebramos o 18 Aniversario da Real Filharmon\u00eda de Galicia,<\/p>\n","protected":false},"author":150,"featured_media":225,"comment_status":"open","ping_status":"open","sticky":false,"template":"","format":"standard","meta":{"footnotes":""},"categories":[28],"tags":[],"class_list":["post-551","post","type-post","status-publish","format-standard","has-post-thumbnail","hentry","category-novas-gl"],"yoast_head":"<!-- This site is optimized with the Yoast SEO plugin v27.1.1 - https:\/\/yoast.com\/product\/yoast-seo-wordpress\/ -->\n<title>Gravaci\u00f3ns da Real Filharmon\u00eda de Galicia - Casa de Tolos<\/title>\n<meta name=\"robots\" content=\"index, follow, max-snippet:-1, max-image-preview:large, max-video-preview:-1\" \/>\n<link rel=\"canonical\" href=\"https:\/\/casadetolos.com\/gl\/gravacions-da-real-filharmonia-de-galicia-3\/\" \/>\n<meta property=\"og:locale\" content=\"gl_ES\" \/>\n<meta property=\"og:type\" content=\"article\" \/>\n<meta property=\"og:title\" content=\"Gravaci\u00f3ns da Real Filharmon\u00eda de Galicia - Casa de Tolos\" \/>\n<meta property=\"og:description\" content=\"O 2014 ser\u00e1 un ano para recordar en Casa de Tolos, celebramos o 18 Aniversario da Real Filharmon\u00eda de Galicia,\" \/>\n<meta property=\"og:url\" content=\"https:\/\/casadetolos.com\/gl\/gravacions-da-real-filharmonia-de-galicia-3\/\" \/>\n<meta property=\"og:site_name\" content=\"Casa de Tolos\" \/>\n<meta property=\"article:published_time\" content=\"2014-03-06T18:16:12+00:00\" \/>\n<meta property=\"article:modified_time\" content=\"2026-02-05T16:24:25+00:00\" \/>\n<meta property=\"og:image\" content=\"https:\/\/casadetolos.com\/wp-content\/uploads\/2015\/02\/gravacions-da-real-filharmonia-d.jpg\" \/>\n\t<meta property=\"og:image:width\" content=\"1920\" \/>\n\t<meta property=\"og:image:height\" content=\"1080\" \/>\n\t<meta property=\"og:image:type\" content=\"image\/jpeg\" \/>\n<meta name=\"author\" content=\"Pablo Casal\" \/>\n<meta name=\"twitter:label1\" content=\"Written by\" \/>\n\t<meta name=\"twitter:data1\" content=\"Pablo Casal\" \/>\n\t<meta name=\"twitter:label2\" content=\"Est. reading time\" \/>\n\t<meta name=\"twitter:data2\" content=\"4 minutes\" \/>\n<script type=\"application\/ld+json\" class=\"yoast-schema-graph\">{\"@context\":\"https:\/\/schema.org\",\"@graph\":[{\"@type\":\"Article\",\"@id\":\"https:\/\/casadetolos.com\/gl\/gravacions-da-real-filharmonia-de-galicia-3\/#article\",\"isPartOf\":{\"@id\":\"https:\/\/casadetolos.com\/gl\/gravacions-da-real-filharmonia-de-galicia-3\/\"},\"author\":{\"name\":\"Pablo Casal\",\"@id\":\"https:\/\/casadetolos.com\/#\/schema\/person\/fe4f9393bd91453e0278baa8ff85237d\"},\"headline\":\"Gravaci\u00f3ns da Real Filharmon\u00eda de Galicia\",\"datePublished\":\"2014-03-06T18:16:12+00:00\",\"dateModified\":\"2026-02-05T16:24:25+00:00\",\"mainEntityOfPage\":{\"@id\":\"https:\/\/casadetolos.com\/gl\/gravacions-da-real-filharmonia-de-galicia-3\/\"},\"wordCount\":638,\"commentCount\":0,\"publisher\":{\"@id\":\"https:\/\/casadetolos.com\/#organization\"},\"image\":{\"@id\":\"https:\/\/casadetolos.com\/gl\/gravacions-da-real-filharmonia-de-galicia-3\/#primaryimage\"},\"thumbnailUrl\":\"https:\/\/casadetolos.com\/wp-content\/uploads\/2015\/02\/gravacions-da-real-filharmonia-d.jpg\",\"articleSection\":[\"Novas\"],\"inLanguage\":\"gl-ES\",\"potentialAction\":[{\"@type\":\"CommentAction\",\"name\":\"Comment\",\"target\":[\"https:\/\/casadetolos.com\/gl\/gravacions-da-real-filharmonia-de-galicia-3\/#respond\"]}]},{\"@type\":\"WebPage\",\"@id\":\"https:\/\/casadetolos.com\/gl\/gravacions-da-real-filharmonia-de-galicia-3\/\",\"url\":\"https:\/\/casadetolos.com\/gl\/gravacions-da-real-filharmonia-de-galicia-3\/\",\"name\":\"Gravaci\u00f3ns da Real Filharmon\u00eda de Galicia - Casa de Tolos\",\"isPartOf\":{\"@id\":\"https:\/\/casadetolos.com\/#website\"},\"primaryImageOfPage\":{\"@id\":\"https:\/\/casadetolos.com\/gl\/gravacions-da-real-filharmonia-de-galicia-3\/#primaryimage\"},\"image\":{\"@id\":\"https:\/\/casadetolos.com\/gl\/gravacions-da-real-filharmonia-de-galicia-3\/#primaryimage\"},\"thumbnailUrl\":\"https:\/\/casadetolos.com\/wp-content\/uploads\/2015\/02\/gravacions-da-real-filharmonia-d.jpg\",\"datePublished\":\"2014-03-06T18:16:12+00:00\",\"dateModified\":\"2026-02-05T16:24:25+00:00\",\"breadcrumb\":{\"@id\":\"https:\/\/casadetolos.com\/gl\/gravacions-da-real-filharmonia-de-galicia-3\/#breadcrumb\"},\"inLanguage\":\"gl-ES\",\"potentialAction\":[{\"@type\":\"ReadAction\",\"target\":[\"https:\/\/casadetolos.com\/gl\/gravacions-da-real-filharmonia-de-galicia-3\/\"]}]},{\"@type\":\"ImageObject\",\"inLanguage\":\"gl-ES\",\"@id\":\"https:\/\/casadetolos.com\/gl\/gravacions-da-real-filharmonia-de-galicia-3\/#primaryimage\",\"url\":\"https:\/\/casadetolos.com\/wp-content\/uploads\/2015\/02\/gravacions-da-real-filharmonia-d.jpg\",\"contentUrl\":\"https:\/\/casadetolos.com\/wp-content\/uploads\/2015\/02\/gravacions-da-real-filharmonia-d.jpg\",\"width\":1920,\"height\":1080},{\"@type\":\"BreadcrumbList\",\"@id\":\"https:\/\/casadetolos.com\/gl\/gravacions-da-real-filharmonia-de-galicia-3\/#breadcrumb\",\"itemListElement\":[{\"@type\":\"ListItem\",\"position\":1,\"name\":\"Portada\",\"item\":\"https:\/\/casadetolos.com\/gl\/\"},{\"@type\":\"ListItem\",\"position\":2,\"name\":\"Gravaci\u00f3ns da Real Filharmon\u00eda de Galicia\"}]},{\"@type\":\"WebSite\",\"@id\":\"https:\/\/casadetolos.com\/#website\",\"url\":\"https:\/\/casadetolos.com\/\",\"name\":\"Casa de Tolos\",\"description\":\"Estudio de grabaci\u00f3n de audio y v\u00eddeo\",\"publisher\":{\"@id\":\"https:\/\/casadetolos.com\/#organization\"},\"potentialAction\":[{\"@type\":\"SearchAction\",\"target\":{\"@type\":\"EntryPoint\",\"urlTemplate\":\"https:\/\/casadetolos.com\/?s={search_term_string}\"},\"query-input\":{\"@type\":\"PropertyValueSpecification\",\"valueRequired\":true,\"valueName\":\"search_term_string\"}}],\"inLanguage\":\"gl-ES\"},{\"@type\":\"Organization\",\"@id\":\"https:\/\/casadetolos.com\/#organization\",\"name\":\"Casa de Tolos\",\"url\":\"https:\/\/casadetolos.com\/\",\"logo\":{\"@type\":\"ImageObject\",\"inLanguage\":\"gl-ES\",\"@id\":\"https:\/\/casadetolos.com\/#\/schema\/logo\/image\/\",\"url\":\"https:\/\/casadetolos.com\/wp-content\/uploads\/2015\/02\/logo_cdt_75.png\",\"contentUrl\":\"https:\/\/casadetolos.com\/wp-content\/uploads\/2015\/02\/logo_cdt_75.png\",\"width\":123,\"height\":75,\"caption\":\"Casa de Tolos\"},\"image\":{\"@id\":\"https:\/\/casadetolos.com\/#\/schema\/logo\/image\/\"}},{\"@type\":\"Person\",\"@id\":\"https:\/\/casadetolos.com\/#\/schema\/person\/fe4f9393bd91453e0278baa8ff85237d\",\"name\":\"Pablo Casal\",\"image\":{\"@type\":\"ImageObject\",\"inLanguage\":\"gl-ES\",\"@id\":\"https:\/\/casadetolos.com\/#\/schema\/person\/image\/\",\"url\":\"https:\/\/secure.gravatar.com\/avatar\/acdb785ad284cad1c8579b8683a893b62b0dc4fa7c69344fe67d4dc58ff129cb?s=96&d=wavatar&r=g\",\"contentUrl\":\"https:\/\/secure.gravatar.com\/avatar\/acdb785ad284cad1c8579b8683a893b62b0dc4fa7c69344fe67d4dc58ff129cb?s=96&d=wavatar&r=g\",\"caption\":\"Pablo Casal\"},\"url\":\"https:\/\/casadetolos.com\/gl\/author\/pablo\/\"}]}<\/script>\n<!-- \/ Yoast SEO plugin. -->","yoast_head_json":{"title":"Gravaci\u00f3ns da Real Filharmon\u00eda de Galicia - Casa de Tolos","robots":{"index":"index","follow":"follow","max-snippet":"max-snippet:-1","max-image-preview":"max-image-preview:large","max-video-preview":"max-video-preview:-1"},"canonical":"https:\/\/casadetolos.com\/gl\/gravacions-da-real-filharmonia-de-galicia-3\/","og_locale":"gl_ES","og_type":"article","og_title":"Gravaci\u00f3ns da Real Filharmon\u00eda de Galicia - Casa de Tolos","og_description":"O 2014 ser\u00e1 un ano para recordar en Casa de Tolos, celebramos o 18 Aniversario da Real Filharmon\u00eda de Galicia,","og_url":"https:\/\/casadetolos.com\/gl\/gravacions-da-real-filharmonia-de-galicia-3\/","og_site_name":"Casa de Tolos","article_published_time":"2014-03-06T18:16:12+00:00","article_modified_time":"2026-02-05T16:24:25+00:00","og_image":[{"width":1920,"height":1080,"url":"https:\/\/casadetolos.com\/wp-content\/uploads\/2015\/02\/gravacions-da-real-filharmonia-d.jpg","type":"image\/jpeg"}],"author":"Pablo Casal","twitter_misc":{"Written by":"Pablo Casal","Est. reading time":"4 minutes"},"schema":{"@context":"https:\/\/schema.org","@graph":[{"@type":"Article","@id":"https:\/\/casadetolos.com\/gl\/gravacions-da-real-filharmonia-de-galicia-3\/#article","isPartOf":{"@id":"https:\/\/casadetolos.com\/gl\/gravacions-da-real-filharmonia-de-galicia-3\/"},"author":{"name":"Pablo Casal","@id":"https:\/\/casadetolos.com\/#\/schema\/person\/fe4f9393bd91453e0278baa8ff85237d"},"headline":"Gravaci\u00f3ns da Real Filharmon\u00eda de Galicia","datePublished":"2014-03-06T18:16:12+00:00","dateModified":"2026-02-05T16:24:25+00:00","mainEntityOfPage":{"@id":"https:\/\/casadetolos.com\/gl\/gravacions-da-real-filharmonia-de-galicia-3\/"},"wordCount":638,"commentCount":0,"publisher":{"@id":"https:\/\/casadetolos.com\/#organization"},"image":{"@id":"https:\/\/casadetolos.com\/gl\/gravacions-da-real-filharmonia-de-galicia-3\/#primaryimage"},"thumbnailUrl":"https:\/\/casadetolos.com\/wp-content\/uploads\/2015\/02\/gravacions-da-real-filharmonia-d.jpg","articleSection":["Novas"],"inLanguage":"gl-ES","potentialAction":[{"@type":"CommentAction","name":"Comment","target":["https:\/\/casadetolos.com\/gl\/gravacions-da-real-filharmonia-de-galicia-3\/#respond"]}]},{"@type":"WebPage","@id":"https:\/\/casadetolos.com\/gl\/gravacions-da-real-filharmonia-de-galicia-3\/","url":"https:\/\/casadetolos.com\/gl\/gravacions-da-real-filharmonia-de-galicia-3\/","name":"Gravaci\u00f3ns da Real Filharmon\u00eda de Galicia - Casa de Tolos","isPartOf":{"@id":"https:\/\/casadetolos.com\/#website"},"primaryImageOfPage":{"@id":"https:\/\/casadetolos.com\/gl\/gravacions-da-real-filharmonia-de-galicia-3\/#primaryimage"},"image":{"@id":"https:\/\/casadetolos.com\/gl\/gravacions-da-real-filharmonia-de-galicia-3\/#primaryimage"},"thumbnailUrl":"https:\/\/casadetolos.com\/wp-content\/uploads\/2015\/02\/gravacions-da-real-filharmonia-d.jpg","datePublished":"2014-03-06T18:16:12+00:00","dateModified":"2026-02-05T16:24:25+00:00","breadcrumb":{"@id":"https:\/\/casadetolos.com\/gl\/gravacions-da-real-filharmonia-de-galicia-3\/#breadcrumb"},"inLanguage":"gl-ES","potentialAction":[{"@type":"ReadAction","target":["https:\/\/casadetolos.com\/gl\/gravacions-da-real-filharmonia-de-galicia-3\/"]}]},{"@type":"ImageObject","inLanguage":"gl-ES","@id":"https:\/\/casadetolos.com\/gl\/gravacions-da-real-filharmonia-de-galicia-3\/#primaryimage","url":"https:\/\/casadetolos.com\/wp-content\/uploads\/2015\/02\/gravacions-da-real-filharmonia-d.jpg","contentUrl":"https:\/\/casadetolos.com\/wp-content\/uploads\/2015\/02\/gravacions-da-real-filharmonia-d.jpg","width":1920,"height":1080},{"@type":"BreadcrumbList","@id":"https:\/\/casadetolos.com\/gl\/gravacions-da-real-filharmonia-de-galicia-3\/#breadcrumb","itemListElement":[{"@type":"ListItem","position":1,"name":"Portada","item":"https:\/\/casadetolos.com\/gl\/"},{"@type":"ListItem","position":2,"name":"Gravaci\u00f3ns da Real Filharmon\u00eda de Galicia"}]},{"@type":"WebSite","@id":"https:\/\/casadetolos.com\/#website","url":"https:\/\/casadetolos.com\/","name":"Casa de Tolos","description":"Estudio de grabaci\u00f3n de audio y v\u00eddeo","publisher":{"@id":"https:\/\/casadetolos.com\/#organization"},"potentialAction":[{"@type":"SearchAction","target":{"@type":"EntryPoint","urlTemplate":"https:\/\/casadetolos.com\/?s={search_term_string}"},"query-input":{"@type":"PropertyValueSpecification","valueRequired":true,"valueName":"search_term_string"}}],"inLanguage":"gl-ES"},{"@type":"Organization","@id":"https:\/\/casadetolos.com\/#organization","name":"Casa de Tolos","url":"https:\/\/casadetolos.com\/","logo":{"@type":"ImageObject","inLanguage":"gl-ES","@id":"https:\/\/casadetolos.com\/#\/schema\/logo\/image\/","url":"https:\/\/casadetolos.com\/wp-content\/uploads\/2015\/02\/logo_cdt_75.png","contentUrl":"https:\/\/casadetolos.com\/wp-content\/uploads\/2015\/02\/logo_cdt_75.png","width":123,"height":75,"caption":"Casa de Tolos"},"image":{"@id":"https:\/\/casadetolos.com\/#\/schema\/logo\/image\/"}},{"@type":"Person","@id":"https:\/\/casadetolos.com\/#\/schema\/person\/fe4f9393bd91453e0278baa8ff85237d","name":"Pablo Casal","image":{"@type":"ImageObject","inLanguage":"gl-ES","@id":"https:\/\/casadetolos.com\/#\/schema\/person\/image\/","url":"https:\/\/secure.gravatar.com\/avatar\/acdb785ad284cad1c8579b8683a893b62b0dc4fa7c69344fe67d4dc58ff129cb?s=96&d=wavatar&r=g","contentUrl":"https:\/\/secure.gravatar.com\/avatar\/acdb785ad284cad1c8579b8683a893b62b0dc4fa7c69344fe67d4dc58ff129cb?s=96&d=wavatar&r=g","caption":"Pablo Casal"},"url":"https:\/\/casadetolos.com\/gl\/author\/pablo\/"}]}},"_links":{"self":[{"href":"https:\/\/casadetolos.com\/gl\/wp-json\/wp\/v2\/posts\/551","targetHints":{"allow":["GET"]}}],"collection":[{"href":"https:\/\/casadetolos.com\/gl\/wp-json\/wp\/v2\/posts"}],"about":[{"href":"https:\/\/casadetolos.com\/gl\/wp-json\/wp\/v2\/types\/post"}],"author":[{"embeddable":true,"href":"https:\/\/casadetolos.com\/gl\/wp-json\/wp\/v2\/users\/150"}],"replies":[{"embeddable":true,"href":"https:\/\/casadetolos.com\/gl\/wp-json\/wp\/v2\/comments?post=551"}],"version-history":[{"count":14,"href":"https:\/\/casadetolos.com\/gl\/wp-json\/wp\/v2\/posts\/551\/revisions"}],"predecessor-version":[{"id":6324,"href":"https:\/\/casadetolos.com\/gl\/wp-json\/wp\/v2\/posts\/551\/revisions\/6324"}],"wp:featuredmedia":[{"embeddable":true,"href":"https:\/\/casadetolos.com\/gl\/wp-json\/wp\/v2\/media\/225"}],"wp:attachment":[{"href":"https:\/\/casadetolos.com\/gl\/wp-json\/wp\/v2\/media?parent=551"}],"wp:term":[{"taxonomy":"category","embeddable":true,"href":"https:\/\/casadetolos.com\/gl\/wp-json\/wp\/v2\/categories?post=551"},{"taxonomy":"post_tag","embeddable":true,"href":"https:\/\/casadetolos.com\/gl\/wp-json\/wp\/v2\/tags?post=551"}],"curies":[{"name":"wp","href":"https:\/\/api.w.org\/{rel}","templated":true}]}}