
{"id":491,"date":"2014-05-29T17:46:25","date_gmt":"2014-05-29T16:46:25","guid":{"rendered":"https:\/\/casadetolos.com\/?p=491"},"modified":"2026-02-05T17:18:15","modified_gmt":"2026-02-05T16:18:15","slug":"casa-de-tolos-tamen-en-canal-yomvi","status":"publish","type":"post","link":"https:\/\/casadetolos.com\/gl\/casa-de-tolos-tamen-en-canal-yomvi\/","title":{"rendered":"CASA DE TOLOS TAM\u00c9N EN CANAL + YOMVI !"},"content":{"rendered":"<p><img loading=\"lazy\" decoding=\"async\" class=\" size-full wp-image-260\" src=\"https:\/\/casadetolos.com\/wp-content\/uploads\/2014\/05\/01_Canal_Yomvi_rgb_alta.jpg\" alt=\"\" width=\"640\" height=\"351\" srcset=\"https:\/\/casadetolos.com\/wp-content\/uploads\/2014\/05\/01_Canal_Yomvi_rgb_alta.jpg 640w, https:\/\/casadetolos.com\/wp-content\/uploads\/2014\/05\/01_Canal_Yomvi_rgb_alta-300x165.jpg 300w\" sizes=\"auto, (max-width: 640px) 100vw, 640px\" \/><\/p>\n<p>O 21 de xu\u00f1o \u00e9 o D\u00eda Internacional da m\u00fasica. Tam\u00e9n comeza o ver\u00e1n, a \u00e9poca de concertos e festivais por autonomasia.<br \/>\nAdemais en casa de Tolos cumplimos 15 anos. Para celebrar todos estes acontecementos <strong>Casa de Tolos<\/strong> colocamos unha colecci\u00f3n de contidos en <a href=\"http:\/\/www.plus.es\/canalplusyomvi\/quees\" target=\"_blank\" rel=\"noopener\">Yomvi<\/a>, a canle de VOD de Canal Plus. Os mellores concertos dos grupos de mais relevancia do panorama actual <a href=\"http:\/\/loscoronas.com\/\" target=\"_blank\" rel=\"noopener\">Los Coronas<\/a>, <a href=\"http:\/\/lahabitacionroja.com\/\" target=\"_blank\" rel=\"noopener\">La Habitaci\u00f3n Roja<\/a>, <a href=\"https:\/\/es-es.facebook.com\/pages\/El-Columpio-Asesino\/178638698833460\" target=\"_blank\" rel=\"noopener\">El Columpio Asesino<\/a>, <a href=\"http:\/\/www.izalmusic.com\/\" target=\"_blank\" rel=\"noopener\">Izal<\/a>, <a href=\"http:\/\/guadalupeplata.bandcamp.com\/\" target=\"_blank\" rel=\"noopener\">Guadalupe Plata<\/a>,<a href=\"https:\/\/es-es.facebook.com\/LeonBenavente\" target=\"_blank\" rel=\"noopener\">Le\u00f3n Benavente<\/a>, <a href=\"http:\/\/www.second.es\/\" target=\"_blank\" rel=\"noopener\">Second<\/a>, <a href=\"http:\/\/www.webdorian.com\/\" target=\"_blank\" rel=\"noopener\">Dorian<\/a>, <a href=\"https:\/\/www.facebook.com\/pages\/La-Pandilla-Voladora\/203358376472780\" target=\"_blank\" rel=\"noopener\">La Pandilla Voladora<\/a>,\u00a0<a href=\"http:\/\/www.wearestandard.net\/\" target=\"_blank\" rel=\"noopener\">We are Standard<\/a> ou mesmo o galego\u00a0<a href=\"http:\/\/www.xoel.com\/\" target=\"_blank\" rel=\"noopener\">Xoel L\u00f3pez<\/a> estar\u00e1n durante os meses veraniegos\u00a0para poder ser vistos en dispositivos m\u00f3viles, smart TVs ou mesmo na canle 7 de iPlus.! !<\/p>\n<p>Disponible o\u00a018 de xu\u00f1o\u00a0en\u00a0<a href=\"http:\/\/yomvi.plus.es\/\" target=\"_blank\" rel=\"noopener\">Yomvi<\/a><\/p>\n","protected":false},"excerpt":{"rendered":"<p>O 21 de xu\u00f1o \u00e9 o D\u00eda Internacional da m\u00fasica. Tam\u00e9n comeza o ver\u00e1n, a \u00e9poca de concertos e festivais<\/p>\n","protected":false},"author":150,"featured_media":260,"comment_status":"open","ping_status":"open","sticky":false,"template":"","format":"standard","meta":{"footnotes":""},"categories":[28],"tags":[],"class_list":["post-491","post","type-post","status-publish","format-standard","has-post-thumbnail","hentry","category-novas-gl"],"yoast_head":"<!-- This site is optimized with the Yoast SEO plugin v27.1.1 - https:\/\/yoast.com\/product\/yoast-seo-wordpress\/ -->\n<title>CASA DE TOLOS TAM\u00c9N EN CANAL + YOMVI ! - Casa de Tolos<\/title>\n<meta name=\"robots\" content=\"index, follow, max-snippet:-1, max-image-preview:large, max-video-preview:-1\" \/>\n<link rel=\"canonical\" href=\"https:\/\/casadetolos.com\/gl\/casa-de-tolos-tamen-en-canal-yomvi\/\" \/>\n<meta property=\"og:locale\" content=\"gl_ES\" \/>\n<meta property=\"og:type\" content=\"article\" \/>\n<meta property=\"og:title\" content=\"CASA DE TOLOS TAM\u00c9N EN CANAL + YOMVI ! - Casa de Tolos\" \/>\n<meta property=\"og:description\" content=\"O 21 de xu\u00f1o \u00e9 o D\u00eda Internacional da m\u00fasica. Tam\u00e9n comeza o ver\u00e1n, a \u00e9poca de concertos e festivais\" \/>\n<meta property=\"og:url\" content=\"https:\/\/casadetolos.com\/gl\/casa-de-tolos-tamen-en-canal-yomvi\/\" \/>\n<meta property=\"og:site_name\" content=\"Casa de Tolos\" \/>\n<meta property=\"article:published_time\" content=\"2014-05-29T16:46:25+00:00\" \/>\n<meta property=\"article:modified_time\" content=\"2026-02-05T16:18:15+00:00\" \/>\n<meta property=\"og:image\" content=\"https:\/\/casadetolos.com\/wp-content\/uploads\/2014\/05\/01_Canal_Yomvi_rgb_alta.jpg\" \/>\n\t<meta property=\"og:image:width\" content=\"640\" \/>\n\t<meta property=\"og:image:height\" content=\"351\" \/>\n\t<meta property=\"og:image:type\" content=\"image\/jpeg\" \/>\n<meta name=\"author\" content=\"Pablo Casal\" \/>\n<meta name=\"twitter:label1\" content=\"Written by\" \/>\n\t<meta name=\"twitter:data1\" content=\"Pablo Casal\" \/>\n\t<meta name=\"twitter:label2\" content=\"Est. reading time\" \/>\n\t<meta name=\"twitter:data2\" content=\"1 minute\" \/>\n<script type=\"application\/ld+json\" class=\"yoast-schema-graph\">{\"@context\":\"https:\/\/schema.org\",\"@graph\":[{\"@type\":\"Article\",\"@id\":\"https:\/\/casadetolos.com\/gl\/casa-de-tolos-tamen-en-canal-yomvi\/#article\",\"isPartOf\":{\"@id\":\"https:\/\/casadetolos.com\/gl\/casa-de-tolos-tamen-en-canal-yomvi\/\"},\"author\":{\"name\":\"Pablo Casal\",\"@id\":\"https:\/\/casadetolos.com\/#\/schema\/person\/fe4f9393bd91453e0278baa8ff85237d\"},\"headline\":\"CASA DE TOLOS TAM\u00c9N EN CANAL + YOMVI !\",\"datePublished\":\"2014-05-29T16:46:25+00:00\",\"dateModified\":\"2026-02-05T16:18:15+00:00\",\"mainEntityOfPage\":{\"@id\":\"https:\/\/casadetolos.com\/gl\/casa-de-tolos-tamen-en-canal-yomvi\/\"},\"wordCount\":133,\"commentCount\":0,\"publisher\":{\"@id\":\"https:\/\/casadetolos.com\/#organization\"},\"image\":{\"@id\":\"https:\/\/casadetolos.com\/gl\/casa-de-tolos-tamen-en-canal-yomvi\/#primaryimage\"},\"thumbnailUrl\":\"https:\/\/casadetolos.com\/wp-content\/uploads\/2014\/05\/01_Canal_Yomvi_rgb_alta.jpg\",\"articleSection\":[\"Novas\"],\"inLanguage\":\"gl-ES\",\"potentialAction\":[{\"@type\":\"CommentAction\",\"name\":\"Comment\",\"target\":[\"https:\/\/casadetolos.com\/gl\/casa-de-tolos-tamen-en-canal-yomvi\/#respond\"]}]},{\"@type\":\"WebPage\",\"@id\":\"https:\/\/casadetolos.com\/gl\/casa-de-tolos-tamen-en-canal-yomvi\/\",\"url\":\"https:\/\/casadetolos.com\/gl\/casa-de-tolos-tamen-en-canal-yomvi\/\",\"name\":\"CASA DE TOLOS TAM\u00c9N EN CANAL + YOMVI ! - Casa de Tolos\",\"isPartOf\":{\"@id\":\"https:\/\/casadetolos.com\/#website\"},\"primaryImageOfPage\":{\"@id\":\"https:\/\/casadetolos.com\/gl\/casa-de-tolos-tamen-en-canal-yomvi\/#primaryimage\"},\"image\":{\"@id\":\"https:\/\/casadetolos.com\/gl\/casa-de-tolos-tamen-en-canal-yomvi\/#primaryimage\"},\"thumbnailUrl\":\"https:\/\/casadetolos.com\/wp-content\/uploads\/2014\/05\/01_Canal_Yomvi_rgb_alta.jpg\",\"datePublished\":\"2014-05-29T16:46:25+00:00\",\"dateModified\":\"2026-02-05T16:18:15+00:00\",\"breadcrumb\":{\"@id\":\"https:\/\/casadetolos.com\/gl\/casa-de-tolos-tamen-en-canal-yomvi\/#breadcrumb\"},\"inLanguage\":\"gl-ES\",\"potentialAction\":[{\"@type\":\"ReadAction\",\"target\":[\"https:\/\/casadetolos.com\/gl\/casa-de-tolos-tamen-en-canal-yomvi\/\"]}]},{\"@type\":\"ImageObject\",\"inLanguage\":\"gl-ES\",\"@id\":\"https:\/\/casadetolos.com\/gl\/casa-de-tolos-tamen-en-canal-yomvi\/#primaryimage\",\"url\":\"https:\/\/casadetolos.com\/wp-content\/uploads\/2014\/05\/01_Canal_Yomvi_rgb_alta.jpg\",\"contentUrl\":\"https:\/\/casadetolos.com\/wp-content\/uploads\/2014\/05\/01_Canal_Yomvi_rgb_alta.jpg\",\"width\":640,\"height\":351},{\"@type\":\"BreadcrumbList\",\"@id\":\"https:\/\/casadetolos.com\/gl\/casa-de-tolos-tamen-en-canal-yomvi\/#breadcrumb\",\"itemListElement\":[{\"@type\":\"ListItem\",\"position\":1,\"name\":\"Portada\",\"item\":\"https:\/\/casadetolos.com\/gl\/\"},{\"@type\":\"ListItem\",\"position\":2,\"name\":\"CASA DE TOLOS TAM\u00c9N EN CANAL + YOMVI !\"}]},{\"@type\":\"WebSite\",\"@id\":\"https:\/\/casadetolos.com\/#website\",\"url\":\"https:\/\/casadetolos.com\/\",\"name\":\"Casa de Tolos\",\"description\":\"Estudio de grabaci\u00f3n de audio y v\u00eddeo\",\"publisher\":{\"@id\":\"https:\/\/casadetolos.com\/#organization\"},\"potentialAction\":[{\"@type\":\"SearchAction\",\"target\":{\"@type\":\"EntryPoint\",\"urlTemplate\":\"https:\/\/casadetolos.com\/?s={search_term_string}\"},\"query-input\":{\"@type\":\"PropertyValueSpecification\",\"valueRequired\":true,\"valueName\":\"search_term_string\"}}],\"inLanguage\":\"gl-ES\"},{\"@type\":\"Organization\",\"@id\":\"https:\/\/casadetolos.com\/#organization\",\"name\":\"Casa de Tolos\",\"url\":\"https:\/\/casadetolos.com\/\",\"logo\":{\"@type\":\"ImageObject\",\"inLanguage\":\"gl-ES\",\"@id\":\"https:\/\/casadetolos.com\/#\/schema\/logo\/image\/\",\"url\":\"https:\/\/casadetolos.com\/wp-content\/uploads\/2015\/02\/logo_cdt_75.png\",\"contentUrl\":\"https:\/\/casadetolos.com\/wp-content\/uploads\/2015\/02\/logo_cdt_75.png\",\"width\":123,\"height\":75,\"caption\":\"Casa de Tolos\"},\"image\":{\"@id\":\"https:\/\/casadetolos.com\/#\/schema\/logo\/image\/\"}},{\"@type\":\"Person\",\"@id\":\"https:\/\/casadetolos.com\/#\/schema\/person\/fe4f9393bd91453e0278baa8ff85237d\",\"name\":\"Pablo Casal\",\"image\":{\"@type\":\"ImageObject\",\"inLanguage\":\"gl-ES\",\"@id\":\"https:\/\/casadetolos.com\/#\/schema\/person\/image\/\",\"url\":\"https:\/\/secure.gravatar.com\/avatar\/acdb785ad284cad1c8579b8683a893b62b0dc4fa7c69344fe67d4dc58ff129cb?s=96&d=wavatar&r=g\",\"contentUrl\":\"https:\/\/secure.gravatar.com\/avatar\/acdb785ad284cad1c8579b8683a893b62b0dc4fa7c69344fe67d4dc58ff129cb?s=96&d=wavatar&r=g\",\"caption\":\"Pablo Casal\"},\"url\":\"https:\/\/casadetolos.com\/gl\/author\/pablo\/\"}]}<\/script>\n<!-- \/ Yoast SEO plugin. -->","yoast_head_json":{"title":"CASA DE TOLOS TAM\u00c9N EN CANAL + YOMVI ! - Casa de Tolos","robots":{"index":"index","follow":"follow","max-snippet":"max-snippet:-1","max-image-preview":"max-image-preview:large","max-video-preview":"max-video-preview:-1"},"canonical":"https:\/\/casadetolos.com\/gl\/casa-de-tolos-tamen-en-canal-yomvi\/","og_locale":"gl_ES","og_type":"article","og_title":"CASA DE TOLOS TAM\u00c9N EN CANAL + YOMVI ! - Casa de Tolos","og_description":"O 21 de xu\u00f1o \u00e9 o D\u00eda Internacional da m\u00fasica. Tam\u00e9n comeza o ver\u00e1n, a \u00e9poca de concertos e festivais","og_url":"https:\/\/casadetolos.com\/gl\/casa-de-tolos-tamen-en-canal-yomvi\/","og_site_name":"Casa de Tolos","article_published_time":"2014-05-29T16:46:25+00:00","article_modified_time":"2026-02-05T16:18:15+00:00","og_image":[{"width":640,"height":351,"url":"https:\/\/casadetolos.com\/wp-content\/uploads\/2014\/05\/01_Canal_Yomvi_rgb_alta.jpg","type":"image\/jpeg"}],"author":"Pablo Casal","twitter_misc":{"Written by":"Pablo Casal","Est. reading time":"1 minute"},"schema":{"@context":"https:\/\/schema.org","@graph":[{"@type":"Article","@id":"https:\/\/casadetolos.com\/gl\/casa-de-tolos-tamen-en-canal-yomvi\/#article","isPartOf":{"@id":"https:\/\/casadetolos.com\/gl\/casa-de-tolos-tamen-en-canal-yomvi\/"},"author":{"name":"Pablo Casal","@id":"https:\/\/casadetolos.com\/#\/schema\/person\/fe4f9393bd91453e0278baa8ff85237d"},"headline":"CASA DE TOLOS TAM\u00c9N EN CANAL + YOMVI !","datePublished":"2014-05-29T16:46:25+00:00","dateModified":"2026-02-05T16:18:15+00:00","mainEntityOfPage":{"@id":"https:\/\/casadetolos.com\/gl\/casa-de-tolos-tamen-en-canal-yomvi\/"},"wordCount":133,"commentCount":0,"publisher":{"@id":"https:\/\/casadetolos.com\/#organization"},"image":{"@id":"https:\/\/casadetolos.com\/gl\/casa-de-tolos-tamen-en-canal-yomvi\/#primaryimage"},"thumbnailUrl":"https:\/\/casadetolos.com\/wp-content\/uploads\/2014\/05\/01_Canal_Yomvi_rgb_alta.jpg","articleSection":["Novas"],"inLanguage":"gl-ES","potentialAction":[{"@type":"CommentAction","name":"Comment","target":["https:\/\/casadetolos.com\/gl\/casa-de-tolos-tamen-en-canal-yomvi\/#respond"]}]},{"@type":"WebPage","@id":"https:\/\/casadetolos.com\/gl\/casa-de-tolos-tamen-en-canal-yomvi\/","url":"https:\/\/casadetolos.com\/gl\/casa-de-tolos-tamen-en-canal-yomvi\/","name":"CASA DE TOLOS TAM\u00c9N EN CANAL + YOMVI ! - Casa de Tolos","isPartOf":{"@id":"https:\/\/casadetolos.com\/#website"},"primaryImageOfPage":{"@id":"https:\/\/casadetolos.com\/gl\/casa-de-tolos-tamen-en-canal-yomvi\/#primaryimage"},"image":{"@id":"https:\/\/casadetolos.com\/gl\/casa-de-tolos-tamen-en-canal-yomvi\/#primaryimage"},"thumbnailUrl":"https:\/\/casadetolos.com\/wp-content\/uploads\/2014\/05\/01_Canal_Yomvi_rgb_alta.jpg","datePublished":"2014-05-29T16:46:25+00:00","dateModified":"2026-02-05T16:18:15+00:00","breadcrumb":{"@id":"https:\/\/casadetolos.com\/gl\/casa-de-tolos-tamen-en-canal-yomvi\/#breadcrumb"},"inLanguage":"gl-ES","potentialAction":[{"@type":"ReadAction","target":["https:\/\/casadetolos.com\/gl\/casa-de-tolos-tamen-en-canal-yomvi\/"]}]},{"@type":"ImageObject","inLanguage":"gl-ES","@id":"https:\/\/casadetolos.com\/gl\/casa-de-tolos-tamen-en-canal-yomvi\/#primaryimage","url":"https:\/\/casadetolos.com\/wp-content\/uploads\/2014\/05\/01_Canal_Yomvi_rgb_alta.jpg","contentUrl":"https:\/\/casadetolos.com\/wp-content\/uploads\/2014\/05\/01_Canal_Yomvi_rgb_alta.jpg","width":640,"height":351},{"@type":"BreadcrumbList","@id":"https:\/\/casadetolos.com\/gl\/casa-de-tolos-tamen-en-canal-yomvi\/#breadcrumb","itemListElement":[{"@type":"ListItem","position":1,"name":"Portada","item":"https:\/\/casadetolos.com\/gl\/"},{"@type":"ListItem","position":2,"name":"CASA DE TOLOS TAM\u00c9N EN CANAL + YOMVI !"}]},{"@type":"WebSite","@id":"https:\/\/casadetolos.com\/#website","url":"https:\/\/casadetolos.com\/","name":"Casa de Tolos","description":"Estudio de grabaci\u00f3n de audio y v\u00eddeo","publisher":{"@id":"https:\/\/casadetolos.com\/#organization"},"potentialAction":[{"@type":"SearchAction","target":{"@type":"EntryPoint","urlTemplate":"https:\/\/casadetolos.com\/?s={search_term_string}"},"query-input":{"@type":"PropertyValueSpecification","valueRequired":true,"valueName":"search_term_string"}}],"inLanguage":"gl-ES"},{"@type":"Organization","@id":"https:\/\/casadetolos.com\/#organization","name":"Casa de Tolos","url":"https:\/\/casadetolos.com\/","logo":{"@type":"ImageObject","inLanguage":"gl-ES","@id":"https:\/\/casadetolos.com\/#\/schema\/logo\/image\/","url":"https:\/\/casadetolos.com\/wp-content\/uploads\/2015\/02\/logo_cdt_75.png","contentUrl":"https:\/\/casadetolos.com\/wp-content\/uploads\/2015\/02\/logo_cdt_75.png","width":123,"height":75,"caption":"Casa de Tolos"},"image":{"@id":"https:\/\/casadetolos.com\/#\/schema\/logo\/image\/"}},{"@type":"Person","@id":"https:\/\/casadetolos.com\/#\/schema\/person\/fe4f9393bd91453e0278baa8ff85237d","name":"Pablo Casal","image":{"@type":"ImageObject","inLanguage":"gl-ES","@id":"https:\/\/casadetolos.com\/#\/schema\/person\/image\/","url":"https:\/\/secure.gravatar.com\/avatar\/acdb785ad284cad1c8579b8683a893b62b0dc4fa7c69344fe67d4dc58ff129cb?s=96&d=wavatar&r=g","contentUrl":"https:\/\/secure.gravatar.com\/avatar\/acdb785ad284cad1c8579b8683a893b62b0dc4fa7c69344fe67d4dc58ff129cb?s=96&d=wavatar&r=g","caption":"Pablo Casal"},"url":"https:\/\/casadetolos.com\/gl\/author\/pablo\/"}]}},"_links":{"self":[{"href":"https:\/\/casadetolos.com\/gl\/wp-json\/wp\/v2\/posts\/491","targetHints":{"allow":["GET"]}}],"collection":[{"href":"https:\/\/casadetolos.com\/gl\/wp-json\/wp\/v2\/posts"}],"about":[{"href":"https:\/\/casadetolos.com\/gl\/wp-json\/wp\/v2\/types\/post"}],"author":[{"embeddable":true,"href":"https:\/\/casadetolos.com\/gl\/wp-json\/wp\/v2\/users\/150"}],"replies":[{"embeddable":true,"href":"https:\/\/casadetolos.com\/gl\/wp-json\/wp\/v2\/comments?post=491"}],"version-history":[{"count":16,"href":"https:\/\/casadetolos.com\/gl\/wp-json\/wp\/v2\/posts\/491\/revisions"}],"predecessor-version":[{"id":6299,"href":"https:\/\/casadetolos.com\/gl\/wp-json\/wp\/v2\/posts\/491\/revisions\/6299"}],"wp:featuredmedia":[{"embeddable":true,"href":"https:\/\/casadetolos.com\/gl\/wp-json\/wp\/v2\/media\/260"}],"wp:attachment":[{"href":"https:\/\/casadetolos.com\/gl\/wp-json\/wp\/v2\/media?parent=491"}],"wp:term":[{"taxonomy":"category","embeddable":true,"href":"https:\/\/casadetolos.com\/gl\/wp-json\/wp\/v2\/categories?post=491"},{"taxonomy":"post_tag","embeddable":true,"href":"https:\/\/casadetolos.com\/gl\/wp-json\/wp\/v2\/tags?post=491"}],"curies":[{"name":"wp","href":"https:\/\/api.w.org\/{rel}","templated":true}]}}