
{"id":476,"date":"2014-06-25T17:25:07","date_gmt":"2014-06-25T16:25:07","guid":{"rendered":"https:\/\/casadetolos.com\/?p=476"},"modified":"2026-02-05T17:15:05","modified_gmt":"2026-02-05T16:15:05","slug":"los-conciertos-de-casa-de-tolos-en-canal-yomvi-2","status":"publish","type":"post","link":"https:\/\/casadetolos.com\/gl\/los-conciertos-de-casa-de-tolos-en-canal-yomvi-2\/","title":{"rendered":"&#8220;Los Conciertos de Casa de Tolos&#8221; en Canal+ Yomvi"},"content":{"rendered":"<p class=\"p1\"><a href=\"http:\/\/yomvi.plus.es\/busqueda\/?id_perfil=DTHTITULAR&amp;texto=tolos\" target=\"_blank\" rel=\"noopener\"><img loading=\"lazy\" decoding=\"async\" class=\" size-full wp-image-268\" src=\"https:\/\/casadetolos.com\/wp-content\/uploads\/2014\/06\/yomvi-promo.jpg\" alt=\"\" width=\"700\" height=\"369\" srcset=\"https:\/\/casadetolos.com\/wp-content\/uploads\/2014\/06\/yomvi-promo.jpg 700w, https:\/\/casadetolos.com\/wp-content\/uploads\/2014\/06\/yomvi-promo-300x158.jpg 300w\" sizes=\"auto, (max-width: 700px) 100vw, 700px\" \/><\/a><\/p>\n<p class=\"p1\">En <b>Casa de Tolos<\/b>\u00a0estamos de parab\u00e9ns porque o d\u00eda 25 de xu\u00f1o de 2014, todos os usuarios de <b>Canal + Yomvi<\/b>\u00a0poden acceder a\u00a0<em><span class=\"s1\"><b>Los Conclertos de Casa de Tolos<\/b><\/span><\/em>, as\u00ed que como din os nosos amigos os de\u00a0<b>Canal + Yomvi<\/b>: a\u00a0\u201c <a href=\"https:\/\/twitter.com\/casadetolos\" target=\"_blank\" rel=\"noopener\">@casadetolos<\/a>\u00a0est\u00e1 free,\u00a0<a href=\"http:\/\/yomvi.plus.es\/busqueda\/?id_perfil=DTHTITULAR&amp;texto=tolos\">entrade<\/a>\u00a0e dic\u00eddenos que vos parecen\u201d<\/p>\n<p class=\"p1\"><em><span class=\"s1\"><b>Los Conclertos de Casa de Tolos<\/b><\/span><\/em>\u00a0\u00e9 unha lista especial de concertos en directo en\u00a0<b>Canal + Yomvi<\/b>\u00a0, en alusi\u00f3n a\u00a0<span class=\"s2\"><b>Casa de Tolos<\/b><\/span>, que \u00e9 quen se encargou de toda a parte de gravaci\u00f3n, posproducci\u00f3n etc dos grupos m\u00e1is punteiros do panorama musical que est\u00e1n a triunfar tam\u00e9n internacionalmente: Os valencianos\u00a0\u201cLa Habitaci\u00f3n Roja\u201d, o galego\u00a0\u201cXoel L\u00f3pez\u201d, os madrile\u00f1os:\u00a0\u201cLos Coronas\u201d,\u00a0\u201cIzal\u201d, os catal\u00e1ns\u00a0\u201cDorian\u201d,\u00a0os pamplonicas\u00a0\u201cO columpio asesino\u201d,\u00a0\u201c \u00a0A pandilla voladora\u201d, os bilba\u00ednos\u00a0\u201cWe\u00a0are est\u00e1ndar\u201d, os murcianos\u00a0\u201cSecond\u201d\u00a0e os recentes triunfadores dos Premios da m\u00fasica independente 2014: os\u00a0ubetenses\u00a0\u201cGuadalupe Prata\u201d\u00a0e \u201cLe\u00f3n\u00a0Benavente\u201d. A devandita lista estar\u00e1 dispo\u00f1ible ata o 15 de xullo, e a partir de ent\u00f3n e durante seis meses poder\u00e1 accederse a eles de diferentes maneiras: navegaci\u00f3n habitual, buscador recomendado, enlaces directos no caso do\u00a0webplayer, etc.<\/p>\n<p><iframe loading=\"lazy\" src=\"http:\/\/www.youtube.com\/embed\/_jn_BU0FQn4?rel=0\" width=\"700\" height=\"394\" frameborder=\"0\" allowfullscreen=\"allowfullscreen\"><\/iframe><\/p>\n<p class=\"p1\"><span class=\"s1\"><b>YOMVI<\/b>\u00a0\u00e9 o servizo de\u00a0VOD\u00a0(video on demand) e canles en directo de Canal+ en internet. Cun cat\u00e1logo de m\u00e1is de 2500 t\u00edtulos, destacan as \u00faltim<\/span>as tempadas de series como de Xogo de Tronos ou\u00a0True Detective. Tempadas completas como as de\u00a0Breaking Bad, MadMen ou\u00a0Orange\u00a0is\u00a0The New Black, ou os \u00faltimos t\u00edtulos da carteleira comoLa Vida de Adele, Guerra Mundial\u00a0Z\u00a0ou R3sac\u00f3n. Tam\u00e9n re\u00fane unha ambiciosa selecci\u00f3n de documentais como\u00a0Coldplay Ghost Stories, Sound City\u00a0ou\u00a0Rolling Stone Return\u00a0to\u00a0Hyde Park\u00a0ou grandes eventos deportivos como\u00a0La Champions, a Liga, a\u00a0Premier\u00a0ou a\u00a0NBA.<\/p>\n<p class=\"p1\">Yomvi\u00a0p\u00f3dese ver en\u00a0<a href=\"http:\/\/www.yomvi.es\/\"><span class=\"s2\">www.yomvi.es<\/span><\/a>, en\u00a0app\u00a0IOS\u00a0e en\u00a0<span class=\"s3\">Samsung Smart\u00a0TV<\/span> e\u00a0LG\u00a0Smart<span class=\"s3\">\u00a0TV<\/span>. \u00c9 <b>gratis para clientes de Canal+<\/b> e est\u00e1 <span class=\"s3\">dispo\u00f1ible para novos usuarios s\u00f3\u00a0<\/span>on\u00a0line.<\/p>\n<p class=\"p1\"><a href=\"http:\/\/yomvi.plus.es\/\" target=\"_blank\" rel=\"noopener\"><img loading=\"lazy\" decoding=\"async\" class=\" size-full wp-image-269\" src=\"https:\/\/casadetolos.com\/wp-content\/uploads\/2014\/06\/imac-yomvi.jpg\" alt=\"\" width=\"703\" height=\"544\" srcset=\"https:\/\/casadetolos.com\/wp-content\/uploads\/2014\/06\/imac-yomvi.jpg 930w, https:\/\/casadetolos.com\/wp-content\/uploads\/2014\/06\/imac-yomvi-300x232.jpg 300w\" sizes=\"auto, (max-width: 703px) 100vw, 703px\" \/><\/a><\/p>\n<p class=\"p1\"><b>Casa de\u00a0Tolos<\/b>\u00a0\u00e9 tal cual, unha<b> Casa de Tolos<\/b>. <b>Tolos<\/b> pola m\u00fasica. Hai 15 anos naceu a nosa produtora en Galicia capitaneada polo ent\u00f3n m\u00fasico de <b>Siniestro Total<\/b> e produtor art\u00edstico\u00a0<b>Segundo\u00a0Grand\u00edo<\/b>. Dende ent\u00f3n o equipo de <b>\u00a0<\/b>non parou de captar talento. Centos de traballos discogr\u00e1ficos e concertos en directo de artistas nacionais e internacionais de todos os estilos musicais compo\u00f1en o seu amplocurriculum.<\/p>\n<p class=\"p1\">Sen d\u00fabida <b>Casa de\u00a0Tolos<\/b>\u00a0\u00e9 un gran referente da produci\u00f3n audiovisual musical.<\/p>\n<p class=\"p1\">Agora a produtora galega l\u00e9vache dende\u00a0<b>Canal\u00a0+\u00a0Yomvi<\/b>\u00a0aos mellores concertos do mellor Pop&amp;Rock nacional.<\/p>\n","protected":false},"excerpt":{"rendered":"<p>En Casa de Tolos\u00a0estamos de parab\u00e9ns porque o d\u00eda 25 de xu\u00f1o de 2014, todos os usuarios de Canal +<\/p>\n","protected":false},"author":150,"featured_media":268,"comment_status":"open","ping_status":"open","sticky":false,"template":"","format":"standard","meta":{"footnotes":""},"categories":[28],"tags":[],"class_list":["post-476","post","type-post","status-publish","format-standard","has-post-thumbnail","hentry","category-novas-gl"],"yoast_head":"<!-- This site is optimized with the Yoast SEO plugin v27.1.1 - https:\/\/yoast.com\/product\/yoast-seo-wordpress\/ -->\n<title>&quot;Los Conciertos de Casa de Tolos&quot; en Canal+ Yomvi - Casa de Tolos<\/title>\n<meta name=\"robots\" content=\"index, follow, max-snippet:-1, max-image-preview:large, max-video-preview:-1\" \/>\n<link rel=\"canonical\" href=\"https:\/\/casadetolos.com\/gl\/los-conciertos-de-casa-de-tolos-en-canal-yomvi-2\/\" \/>\n<meta property=\"og:locale\" content=\"gl_ES\" \/>\n<meta property=\"og:type\" content=\"article\" \/>\n<meta property=\"og:title\" content=\"&quot;Los Conciertos de Casa de Tolos&quot; en Canal+ Yomvi - Casa de Tolos\" \/>\n<meta property=\"og:description\" content=\"En Casa de Tolos\u00a0estamos de parab\u00e9ns porque o d\u00eda 25 de xu\u00f1o de 2014, todos os usuarios de Canal +\" \/>\n<meta property=\"og:url\" content=\"https:\/\/casadetolos.com\/gl\/los-conciertos-de-casa-de-tolos-en-canal-yomvi-2\/\" \/>\n<meta property=\"og:site_name\" content=\"Casa de Tolos\" \/>\n<meta property=\"article:published_time\" content=\"2014-06-25T16:25:07+00:00\" \/>\n<meta property=\"article:modified_time\" content=\"2026-02-05T16:15:05+00:00\" \/>\n<meta property=\"og:image\" content=\"https:\/\/casadetolos.com\/wp-content\/uploads\/2014\/06\/yomvi-promo.jpg\" \/>\n\t<meta property=\"og:image:width\" content=\"700\" \/>\n\t<meta property=\"og:image:height\" content=\"369\" \/>\n\t<meta property=\"og:image:type\" content=\"image\/jpeg\" \/>\n<meta name=\"author\" content=\"Pablo Casal\" \/>\n<meta name=\"twitter:label1\" content=\"Written by\" \/>\n\t<meta name=\"twitter:data1\" content=\"Pablo Casal\" \/>\n\t<meta name=\"twitter:label2\" content=\"Est. reading time\" \/>\n\t<meta name=\"twitter:data2\" content=\"3 minutes\" \/>\n<script type=\"application\/ld+json\" class=\"yoast-schema-graph\">{\"@context\":\"https:\/\/schema.org\",\"@graph\":[{\"@type\":\"Article\",\"@id\":\"https:\/\/casadetolos.com\/gl\/los-conciertos-de-casa-de-tolos-en-canal-yomvi-2\/#article\",\"isPartOf\":{\"@id\":\"https:\/\/casadetolos.com\/gl\/los-conciertos-de-casa-de-tolos-en-canal-yomvi-2\/\"},\"author\":{\"name\":\"Pablo Casal\",\"@id\":\"https:\/\/casadetolos.com\/#\/schema\/person\/fe4f9393bd91453e0278baa8ff85237d\"},\"headline\":\"&#8220;Los Conciertos de Casa de Tolos&#8221; en Canal+ Yomvi\",\"datePublished\":\"2014-06-25T16:25:07+00:00\",\"dateModified\":\"2026-02-05T16:15:05+00:00\",\"mainEntityOfPage\":{\"@id\":\"https:\/\/casadetolos.com\/gl\/los-conciertos-de-casa-de-tolos-en-canal-yomvi-2\/\"},\"wordCount\":458,\"commentCount\":0,\"publisher\":{\"@id\":\"https:\/\/casadetolos.com\/#organization\"},\"image\":{\"@id\":\"https:\/\/casadetolos.com\/gl\/los-conciertos-de-casa-de-tolos-en-canal-yomvi-2\/#primaryimage\"},\"thumbnailUrl\":\"https:\/\/casadetolos.com\/wp-content\/uploads\/2014\/06\/yomvi-promo.jpg\",\"articleSection\":[\"Novas\"],\"inLanguage\":\"gl-ES\",\"potentialAction\":[{\"@type\":\"CommentAction\",\"name\":\"Comment\",\"target\":[\"https:\/\/casadetolos.com\/gl\/los-conciertos-de-casa-de-tolos-en-canal-yomvi-2\/#respond\"]}]},{\"@type\":\"WebPage\",\"@id\":\"https:\/\/casadetolos.com\/gl\/los-conciertos-de-casa-de-tolos-en-canal-yomvi-2\/\",\"url\":\"https:\/\/casadetolos.com\/gl\/los-conciertos-de-casa-de-tolos-en-canal-yomvi-2\/\",\"name\":\"\\\"Los Conciertos de Casa de Tolos\\\" en Canal+ Yomvi - Casa de Tolos\",\"isPartOf\":{\"@id\":\"https:\/\/casadetolos.com\/#website\"},\"primaryImageOfPage\":{\"@id\":\"https:\/\/casadetolos.com\/gl\/los-conciertos-de-casa-de-tolos-en-canal-yomvi-2\/#primaryimage\"},\"image\":{\"@id\":\"https:\/\/casadetolos.com\/gl\/los-conciertos-de-casa-de-tolos-en-canal-yomvi-2\/#primaryimage\"},\"thumbnailUrl\":\"https:\/\/casadetolos.com\/wp-content\/uploads\/2014\/06\/yomvi-promo.jpg\",\"datePublished\":\"2014-06-25T16:25:07+00:00\",\"dateModified\":\"2026-02-05T16:15:05+00:00\",\"breadcrumb\":{\"@id\":\"https:\/\/casadetolos.com\/gl\/los-conciertos-de-casa-de-tolos-en-canal-yomvi-2\/#breadcrumb\"},\"inLanguage\":\"gl-ES\",\"potentialAction\":[{\"@type\":\"ReadAction\",\"target\":[\"https:\/\/casadetolos.com\/gl\/los-conciertos-de-casa-de-tolos-en-canal-yomvi-2\/\"]}]},{\"@type\":\"ImageObject\",\"inLanguage\":\"gl-ES\",\"@id\":\"https:\/\/casadetolos.com\/gl\/los-conciertos-de-casa-de-tolos-en-canal-yomvi-2\/#primaryimage\",\"url\":\"https:\/\/casadetolos.com\/wp-content\/uploads\/2014\/06\/yomvi-promo.jpg\",\"contentUrl\":\"https:\/\/casadetolos.com\/wp-content\/uploads\/2014\/06\/yomvi-promo.jpg\",\"width\":700,\"height\":369},{\"@type\":\"BreadcrumbList\",\"@id\":\"https:\/\/casadetolos.com\/gl\/los-conciertos-de-casa-de-tolos-en-canal-yomvi-2\/#breadcrumb\",\"itemListElement\":[{\"@type\":\"ListItem\",\"position\":1,\"name\":\"Portada\",\"item\":\"https:\/\/casadetolos.com\/gl\/\"},{\"@type\":\"ListItem\",\"position\":2,\"name\":\"\u00abLos Conciertos de Casa de Tolos\u00bb en Canal+ Yomvi\"}]},{\"@type\":\"WebSite\",\"@id\":\"https:\/\/casadetolos.com\/#website\",\"url\":\"https:\/\/casadetolos.com\/\",\"name\":\"Casa de Tolos\",\"description\":\"Estudio de grabaci\u00f3n de audio y v\u00eddeo\",\"publisher\":{\"@id\":\"https:\/\/casadetolos.com\/#organization\"},\"potentialAction\":[{\"@type\":\"SearchAction\",\"target\":{\"@type\":\"EntryPoint\",\"urlTemplate\":\"https:\/\/casadetolos.com\/?s={search_term_string}\"},\"query-input\":{\"@type\":\"PropertyValueSpecification\",\"valueRequired\":true,\"valueName\":\"search_term_string\"}}],\"inLanguage\":\"gl-ES\"},{\"@type\":\"Organization\",\"@id\":\"https:\/\/casadetolos.com\/#organization\",\"name\":\"Casa de Tolos\",\"url\":\"https:\/\/casadetolos.com\/\",\"logo\":{\"@type\":\"ImageObject\",\"inLanguage\":\"gl-ES\",\"@id\":\"https:\/\/casadetolos.com\/#\/schema\/logo\/image\/\",\"url\":\"https:\/\/casadetolos.com\/wp-content\/uploads\/2015\/02\/logo_cdt_75.png\",\"contentUrl\":\"https:\/\/casadetolos.com\/wp-content\/uploads\/2015\/02\/logo_cdt_75.png\",\"width\":123,\"height\":75,\"caption\":\"Casa de Tolos\"},\"image\":{\"@id\":\"https:\/\/casadetolos.com\/#\/schema\/logo\/image\/\"}},{\"@type\":\"Person\",\"@id\":\"https:\/\/casadetolos.com\/#\/schema\/person\/fe4f9393bd91453e0278baa8ff85237d\",\"name\":\"Pablo Casal\",\"image\":{\"@type\":\"ImageObject\",\"inLanguage\":\"gl-ES\",\"@id\":\"https:\/\/casadetolos.com\/#\/schema\/person\/image\/\",\"url\":\"https:\/\/secure.gravatar.com\/avatar\/acdb785ad284cad1c8579b8683a893b62b0dc4fa7c69344fe67d4dc58ff129cb?s=96&d=wavatar&r=g\",\"contentUrl\":\"https:\/\/secure.gravatar.com\/avatar\/acdb785ad284cad1c8579b8683a893b62b0dc4fa7c69344fe67d4dc58ff129cb?s=96&d=wavatar&r=g\",\"caption\":\"Pablo Casal\"},\"url\":\"https:\/\/casadetolos.com\/gl\/author\/pablo\/\"}]}<\/script>\n<!-- \/ Yoast SEO plugin. -->","yoast_head_json":{"title":"\"Los Conciertos de Casa de Tolos\" en Canal+ Yomvi - Casa de Tolos","robots":{"index":"index","follow":"follow","max-snippet":"max-snippet:-1","max-image-preview":"max-image-preview:large","max-video-preview":"max-video-preview:-1"},"canonical":"https:\/\/casadetolos.com\/gl\/los-conciertos-de-casa-de-tolos-en-canal-yomvi-2\/","og_locale":"gl_ES","og_type":"article","og_title":"\"Los Conciertos de Casa de Tolos\" en Canal+ Yomvi - Casa de Tolos","og_description":"En Casa de Tolos\u00a0estamos de parab\u00e9ns porque o d\u00eda 25 de xu\u00f1o de 2014, todos os usuarios de Canal +","og_url":"https:\/\/casadetolos.com\/gl\/los-conciertos-de-casa-de-tolos-en-canal-yomvi-2\/","og_site_name":"Casa de Tolos","article_published_time":"2014-06-25T16:25:07+00:00","article_modified_time":"2026-02-05T16:15:05+00:00","og_image":[{"width":700,"height":369,"url":"https:\/\/casadetolos.com\/wp-content\/uploads\/2014\/06\/yomvi-promo.jpg","type":"image\/jpeg"}],"author":"Pablo Casal","twitter_misc":{"Written by":"Pablo Casal","Est. reading time":"3 minutes"},"schema":{"@context":"https:\/\/schema.org","@graph":[{"@type":"Article","@id":"https:\/\/casadetolos.com\/gl\/los-conciertos-de-casa-de-tolos-en-canal-yomvi-2\/#article","isPartOf":{"@id":"https:\/\/casadetolos.com\/gl\/los-conciertos-de-casa-de-tolos-en-canal-yomvi-2\/"},"author":{"name":"Pablo Casal","@id":"https:\/\/casadetolos.com\/#\/schema\/person\/fe4f9393bd91453e0278baa8ff85237d"},"headline":"&#8220;Los Conciertos de Casa de Tolos&#8221; en Canal+ Yomvi","datePublished":"2014-06-25T16:25:07+00:00","dateModified":"2026-02-05T16:15:05+00:00","mainEntityOfPage":{"@id":"https:\/\/casadetolos.com\/gl\/los-conciertos-de-casa-de-tolos-en-canal-yomvi-2\/"},"wordCount":458,"commentCount":0,"publisher":{"@id":"https:\/\/casadetolos.com\/#organization"},"image":{"@id":"https:\/\/casadetolos.com\/gl\/los-conciertos-de-casa-de-tolos-en-canal-yomvi-2\/#primaryimage"},"thumbnailUrl":"https:\/\/casadetolos.com\/wp-content\/uploads\/2014\/06\/yomvi-promo.jpg","articleSection":["Novas"],"inLanguage":"gl-ES","potentialAction":[{"@type":"CommentAction","name":"Comment","target":["https:\/\/casadetolos.com\/gl\/los-conciertos-de-casa-de-tolos-en-canal-yomvi-2\/#respond"]}]},{"@type":"WebPage","@id":"https:\/\/casadetolos.com\/gl\/los-conciertos-de-casa-de-tolos-en-canal-yomvi-2\/","url":"https:\/\/casadetolos.com\/gl\/los-conciertos-de-casa-de-tolos-en-canal-yomvi-2\/","name":"\"Los Conciertos de Casa de Tolos\" en Canal+ Yomvi - Casa de Tolos","isPartOf":{"@id":"https:\/\/casadetolos.com\/#website"},"primaryImageOfPage":{"@id":"https:\/\/casadetolos.com\/gl\/los-conciertos-de-casa-de-tolos-en-canal-yomvi-2\/#primaryimage"},"image":{"@id":"https:\/\/casadetolos.com\/gl\/los-conciertos-de-casa-de-tolos-en-canal-yomvi-2\/#primaryimage"},"thumbnailUrl":"https:\/\/casadetolos.com\/wp-content\/uploads\/2014\/06\/yomvi-promo.jpg","datePublished":"2014-06-25T16:25:07+00:00","dateModified":"2026-02-05T16:15:05+00:00","breadcrumb":{"@id":"https:\/\/casadetolos.com\/gl\/los-conciertos-de-casa-de-tolos-en-canal-yomvi-2\/#breadcrumb"},"inLanguage":"gl-ES","potentialAction":[{"@type":"ReadAction","target":["https:\/\/casadetolos.com\/gl\/los-conciertos-de-casa-de-tolos-en-canal-yomvi-2\/"]}]},{"@type":"ImageObject","inLanguage":"gl-ES","@id":"https:\/\/casadetolos.com\/gl\/los-conciertos-de-casa-de-tolos-en-canal-yomvi-2\/#primaryimage","url":"https:\/\/casadetolos.com\/wp-content\/uploads\/2014\/06\/yomvi-promo.jpg","contentUrl":"https:\/\/casadetolos.com\/wp-content\/uploads\/2014\/06\/yomvi-promo.jpg","width":700,"height":369},{"@type":"BreadcrumbList","@id":"https:\/\/casadetolos.com\/gl\/los-conciertos-de-casa-de-tolos-en-canal-yomvi-2\/#breadcrumb","itemListElement":[{"@type":"ListItem","position":1,"name":"Portada","item":"https:\/\/casadetolos.com\/gl\/"},{"@type":"ListItem","position":2,"name":"\u00abLos Conciertos de Casa de Tolos\u00bb en Canal+ Yomvi"}]},{"@type":"WebSite","@id":"https:\/\/casadetolos.com\/#website","url":"https:\/\/casadetolos.com\/","name":"Casa de Tolos","description":"Estudio de grabaci\u00f3n de audio y v\u00eddeo","publisher":{"@id":"https:\/\/casadetolos.com\/#organization"},"potentialAction":[{"@type":"SearchAction","target":{"@type":"EntryPoint","urlTemplate":"https:\/\/casadetolos.com\/?s={search_term_string}"},"query-input":{"@type":"PropertyValueSpecification","valueRequired":true,"valueName":"search_term_string"}}],"inLanguage":"gl-ES"},{"@type":"Organization","@id":"https:\/\/casadetolos.com\/#organization","name":"Casa de Tolos","url":"https:\/\/casadetolos.com\/","logo":{"@type":"ImageObject","inLanguage":"gl-ES","@id":"https:\/\/casadetolos.com\/#\/schema\/logo\/image\/","url":"https:\/\/casadetolos.com\/wp-content\/uploads\/2015\/02\/logo_cdt_75.png","contentUrl":"https:\/\/casadetolos.com\/wp-content\/uploads\/2015\/02\/logo_cdt_75.png","width":123,"height":75,"caption":"Casa de Tolos"},"image":{"@id":"https:\/\/casadetolos.com\/#\/schema\/logo\/image\/"}},{"@type":"Person","@id":"https:\/\/casadetolos.com\/#\/schema\/person\/fe4f9393bd91453e0278baa8ff85237d","name":"Pablo Casal","image":{"@type":"ImageObject","inLanguage":"gl-ES","@id":"https:\/\/casadetolos.com\/#\/schema\/person\/image\/","url":"https:\/\/secure.gravatar.com\/avatar\/acdb785ad284cad1c8579b8683a893b62b0dc4fa7c69344fe67d4dc58ff129cb?s=96&d=wavatar&r=g","contentUrl":"https:\/\/secure.gravatar.com\/avatar\/acdb785ad284cad1c8579b8683a893b62b0dc4fa7c69344fe67d4dc58ff129cb?s=96&d=wavatar&r=g","caption":"Pablo Casal"},"url":"https:\/\/casadetolos.com\/gl\/author\/pablo\/"}]}},"_links":{"self":[{"href":"https:\/\/casadetolos.com\/gl\/wp-json\/wp\/v2\/posts\/476","targetHints":{"allow":["GET"]}}],"collection":[{"href":"https:\/\/casadetolos.com\/gl\/wp-json\/wp\/v2\/posts"}],"about":[{"href":"https:\/\/casadetolos.com\/gl\/wp-json\/wp\/v2\/types\/post"}],"author":[{"embeddable":true,"href":"https:\/\/casadetolos.com\/gl\/wp-json\/wp\/v2\/users\/150"}],"replies":[{"embeddable":true,"href":"https:\/\/casadetolos.com\/gl\/wp-json\/wp\/v2\/comments?post=476"}],"version-history":[{"count":18,"href":"https:\/\/casadetolos.com\/gl\/wp-json\/wp\/v2\/posts\/476\/revisions"}],"predecessor-version":[{"id":6285,"href":"https:\/\/casadetolos.com\/gl\/wp-json\/wp\/v2\/posts\/476\/revisions\/6285"}],"wp:featuredmedia":[{"embeddable":true,"href":"https:\/\/casadetolos.com\/gl\/wp-json\/wp\/v2\/media\/268"}],"wp:attachment":[{"href":"https:\/\/casadetolos.com\/gl\/wp-json\/wp\/v2\/media?parent=476"}],"wp:term":[{"taxonomy":"category","embeddable":true,"href":"https:\/\/casadetolos.com\/gl\/wp-json\/wp\/v2\/categories?post=476"},{"taxonomy":"post_tag","embeddable":true,"href":"https:\/\/casadetolos.com\/gl\/wp-json\/wp\/v2\/tags?post=476"}],"curies":[{"name":"wp","href":"https:\/\/api.w.org\/{rel}","templated":true}]}}