
{"id":438,"date":"2014-08-03T22:53:03","date_gmt":"2014-08-03T21:53:03","guid":{"rendered":"https:\/\/casadetolos.com\/?p=438"},"modified":"2026-02-05T17:13:38","modified_gmt":"2026-02-05T16:13:38","slug":"a-orquesta-sinfonica-en-maria-pita","status":"publish","type":"post","link":"https:\/\/casadetolos.com\/gl\/a-orquesta-sinfonica-en-maria-pita\/","title":{"rendered":"A Orquesta Sinf\u00f3nica en Mar\u00eda Pita"},"content":{"rendered":"<p><img loading=\"lazy\" decoding=\"async\" class=\" size-full wp-image-291\" src=\"https:\/\/casadetolos.com\/wp-content\/uploads\/2014\/08\/osg.gif\" alt=\"\" width=\"761\" height=\"508\" \/><br \/>\nOs pr\u00f3ximos d\u00edas 21, 22 e 23 de agosto Casa de\u00a0Tolos\u00a0estaremos realizando os concertos ao aire libre que a <a href=\"http:\/\/www.sinfonicadegalicia.com\"><span style=\"text-decoration: underline;\"><span style=\"color: #0066cc;\">Orquestra Sinf\u00f3nica de Galicia<\/span><\/span><\/a>\u00a0ofrecer\u00e1 no incomparable marco da Praza de\u00a0Mar\u00eda Pita\u00a0na\u00a0Coru\u00f1a. Esta realizaci\u00f3n servir\u00e1 para o seguimento do p\u00fablico asistente a trav\u00e9s das pantallas situadas aos lados do escenario, as\u00ed como para a emisi\u00f3n en directo por internet para quen non poida vir ao concerto en directo. Estes concertos tam\u00e9n ser\u00e1n gravados. Para Casa de\u00a0Tolos\u00a0\u00e9 unha honra poder facer este traballo coa <a href=\"http:\/\/www.sinfonicadegalicia.com\"><span style=\"text-decoration: underline;\"><span style=\"color: #0066cc;\">Orquestra Sinf\u00f3nica de Galicia<\/span><\/span><\/a>.<\/p>\n","protected":false},"excerpt":{"rendered":"<p>Os pr\u00f3ximos d\u00edas 21, 22 e 23 de agosto Casa de\u00a0Tolos\u00a0estaremos realizando os concertos ao aire libre que a Orquestra<\/p>\n","protected":false},"author":150,"featured_media":291,"comment_status":"open","ping_status":"open","sticky":false,"template":"","format":"standard","meta":{"footnotes":""},"categories":[28],"tags":[],"class_list":["post-438","post","type-post","status-publish","format-standard","has-post-thumbnail","hentry","category-novas-gl"],"yoast_head":"<!-- This site is optimized with the Yoast SEO plugin v27.1.1 - https:\/\/yoast.com\/product\/yoast-seo-wordpress\/ -->\n<title>A Orquesta Sinf\u00f3nica en Mar\u00eda Pita - Casa de Tolos<\/title>\n<meta name=\"robots\" content=\"index, follow, max-snippet:-1, max-image-preview:large, max-video-preview:-1\" \/>\n<link rel=\"canonical\" href=\"https:\/\/casadetolos.com\/gl\/a-orquesta-sinfonica-en-maria-pita\/\" \/>\n<meta property=\"og:locale\" content=\"gl_ES\" \/>\n<meta property=\"og:type\" content=\"article\" \/>\n<meta property=\"og:title\" content=\"A Orquesta Sinf\u00f3nica en Mar\u00eda Pita - Casa de Tolos\" \/>\n<meta property=\"og:description\" content=\"Os pr\u00f3ximos d\u00edas 21, 22 e 23 de agosto Casa de\u00a0Tolos\u00a0estaremos realizando os concertos ao aire libre que a Orquestra\" \/>\n<meta property=\"og:url\" content=\"https:\/\/casadetolos.com\/gl\/a-orquesta-sinfonica-en-maria-pita\/\" \/>\n<meta property=\"og:site_name\" content=\"Casa de Tolos\" \/>\n<meta property=\"article:published_time\" content=\"2014-08-03T21:53:03+00:00\" \/>\n<meta property=\"article:modified_time\" content=\"2026-02-05T16:13:38+00:00\" \/>\n<meta property=\"og:image\" content=\"https:\/\/casadetolos.com\/wp-content\/uploads\/2014\/08\/osg.gif\" \/>\n\t<meta property=\"og:image:width\" content=\"640\" \/>\n\t<meta property=\"og:image:height\" content=\"427\" \/>\n\t<meta property=\"og:image:type\" content=\"image\/gif\" \/>\n<meta name=\"author\" content=\"Pablo Casal\" \/>\n<meta name=\"twitter:label1\" content=\"Written by\" \/>\n\t<meta name=\"twitter:data1\" content=\"Pablo Casal\" \/>\n\t<meta name=\"twitter:label2\" content=\"Est. reading time\" \/>\n\t<meta name=\"twitter:data2\" content=\"1 minute\" \/>\n<script type=\"application\/ld+json\" class=\"yoast-schema-graph\">{\"@context\":\"https:\/\/schema.org\",\"@graph\":[{\"@type\":\"Article\",\"@id\":\"https:\/\/casadetolos.com\/gl\/a-orquesta-sinfonica-en-maria-pita\/#article\",\"isPartOf\":{\"@id\":\"https:\/\/casadetolos.com\/gl\/a-orquesta-sinfonica-en-maria-pita\/\"},\"author\":{\"name\":\"Pablo Casal\",\"@id\":\"https:\/\/casadetolos.com\/#\/schema\/person\/fe4f9393bd91453e0278baa8ff85237d\"},\"headline\":\"A Orquesta Sinf\u00f3nica en Mar\u00eda Pita\",\"datePublished\":\"2014-08-03T21:53:03+00:00\",\"dateModified\":\"2026-02-05T16:13:38+00:00\",\"mainEntityOfPage\":{\"@id\":\"https:\/\/casadetolos.com\/gl\/a-orquesta-sinfonica-en-maria-pita\/\"},\"wordCount\":109,\"commentCount\":0,\"publisher\":{\"@id\":\"https:\/\/casadetolos.com\/#organization\"},\"image\":{\"@id\":\"https:\/\/casadetolos.com\/gl\/a-orquesta-sinfonica-en-maria-pita\/#primaryimage\"},\"thumbnailUrl\":\"https:\/\/casadetolos.com\/wp-content\/uploads\/2014\/08\/osg.gif\",\"articleSection\":[\"Novas\"],\"inLanguage\":\"gl-ES\",\"potentialAction\":[{\"@type\":\"CommentAction\",\"name\":\"Comment\",\"target\":[\"https:\/\/casadetolos.com\/gl\/a-orquesta-sinfonica-en-maria-pita\/#respond\"]}]},{\"@type\":\"WebPage\",\"@id\":\"https:\/\/casadetolos.com\/gl\/a-orquesta-sinfonica-en-maria-pita\/\",\"url\":\"https:\/\/casadetolos.com\/gl\/a-orquesta-sinfonica-en-maria-pita\/\",\"name\":\"A Orquesta Sinf\u00f3nica en Mar\u00eda Pita - Casa de Tolos\",\"isPartOf\":{\"@id\":\"https:\/\/casadetolos.com\/#website\"},\"primaryImageOfPage\":{\"@id\":\"https:\/\/casadetolos.com\/gl\/a-orquesta-sinfonica-en-maria-pita\/#primaryimage\"},\"image\":{\"@id\":\"https:\/\/casadetolos.com\/gl\/a-orquesta-sinfonica-en-maria-pita\/#primaryimage\"},\"thumbnailUrl\":\"https:\/\/casadetolos.com\/wp-content\/uploads\/2014\/08\/osg.gif\",\"datePublished\":\"2014-08-03T21:53:03+00:00\",\"dateModified\":\"2026-02-05T16:13:38+00:00\",\"breadcrumb\":{\"@id\":\"https:\/\/casadetolos.com\/gl\/a-orquesta-sinfonica-en-maria-pita\/#breadcrumb\"},\"inLanguage\":\"gl-ES\",\"potentialAction\":[{\"@type\":\"ReadAction\",\"target\":[\"https:\/\/casadetolos.com\/gl\/a-orquesta-sinfonica-en-maria-pita\/\"]}]},{\"@type\":\"ImageObject\",\"inLanguage\":\"gl-ES\",\"@id\":\"https:\/\/casadetolos.com\/gl\/a-orquesta-sinfonica-en-maria-pita\/#primaryimage\",\"url\":\"https:\/\/casadetolos.com\/wp-content\/uploads\/2014\/08\/osg.gif\",\"contentUrl\":\"https:\/\/casadetolos.com\/wp-content\/uploads\/2014\/08\/osg.gif\",\"width\":640,\"height\":427},{\"@type\":\"BreadcrumbList\",\"@id\":\"https:\/\/casadetolos.com\/gl\/a-orquesta-sinfonica-en-maria-pita\/#breadcrumb\",\"itemListElement\":[{\"@type\":\"ListItem\",\"position\":1,\"name\":\"Portada\",\"item\":\"https:\/\/casadetolos.com\/gl\/\"},{\"@type\":\"ListItem\",\"position\":2,\"name\":\"A Orquesta Sinf\u00f3nica en Mar\u00eda Pita\"}]},{\"@type\":\"WebSite\",\"@id\":\"https:\/\/casadetolos.com\/#website\",\"url\":\"https:\/\/casadetolos.com\/\",\"name\":\"Casa de Tolos\",\"description\":\"Estudio de grabaci\u00f3n de audio y v\u00eddeo\",\"publisher\":{\"@id\":\"https:\/\/casadetolos.com\/#organization\"},\"potentialAction\":[{\"@type\":\"SearchAction\",\"target\":{\"@type\":\"EntryPoint\",\"urlTemplate\":\"https:\/\/casadetolos.com\/?s={search_term_string}\"},\"query-input\":{\"@type\":\"PropertyValueSpecification\",\"valueRequired\":true,\"valueName\":\"search_term_string\"}}],\"inLanguage\":\"gl-ES\"},{\"@type\":\"Organization\",\"@id\":\"https:\/\/casadetolos.com\/#organization\",\"name\":\"Casa de Tolos\",\"url\":\"https:\/\/casadetolos.com\/\",\"logo\":{\"@type\":\"ImageObject\",\"inLanguage\":\"gl-ES\",\"@id\":\"https:\/\/casadetolos.com\/#\/schema\/logo\/image\/\",\"url\":\"https:\/\/casadetolos.com\/wp-content\/uploads\/2015\/02\/logo_cdt_75.png\",\"contentUrl\":\"https:\/\/casadetolos.com\/wp-content\/uploads\/2015\/02\/logo_cdt_75.png\",\"width\":123,\"height\":75,\"caption\":\"Casa de Tolos\"},\"image\":{\"@id\":\"https:\/\/casadetolos.com\/#\/schema\/logo\/image\/\"}},{\"@type\":\"Person\",\"@id\":\"https:\/\/casadetolos.com\/#\/schema\/person\/fe4f9393bd91453e0278baa8ff85237d\",\"name\":\"Pablo Casal\",\"image\":{\"@type\":\"ImageObject\",\"inLanguage\":\"gl-ES\",\"@id\":\"https:\/\/casadetolos.com\/#\/schema\/person\/image\/\",\"url\":\"https:\/\/secure.gravatar.com\/avatar\/acdb785ad284cad1c8579b8683a893b62b0dc4fa7c69344fe67d4dc58ff129cb?s=96&d=wavatar&r=g\",\"contentUrl\":\"https:\/\/secure.gravatar.com\/avatar\/acdb785ad284cad1c8579b8683a893b62b0dc4fa7c69344fe67d4dc58ff129cb?s=96&d=wavatar&r=g\",\"caption\":\"Pablo Casal\"},\"url\":\"https:\/\/casadetolos.com\/gl\/author\/pablo\/\"}]}<\/script>\n<!-- \/ Yoast SEO plugin. -->","yoast_head_json":{"title":"A Orquesta Sinf\u00f3nica en Mar\u00eda Pita - Casa de Tolos","robots":{"index":"index","follow":"follow","max-snippet":"max-snippet:-1","max-image-preview":"max-image-preview:large","max-video-preview":"max-video-preview:-1"},"canonical":"https:\/\/casadetolos.com\/gl\/a-orquesta-sinfonica-en-maria-pita\/","og_locale":"gl_ES","og_type":"article","og_title":"A Orquesta Sinf\u00f3nica en Mar\u00eda Pita - Casa de Tolos","og_description":"Os pr\u00f3ximos d\u00edas 21, 22 e 23 de agosto Casa de\u00a0Tolos\u00a0estaremos realizando os concertos ao aire libre que a Orquestra","og_url":"https:\/\/casadetolos.com\/gl\/a-orquesta-sinfonica-en-maria-pita\/","og_site_name":"Casa de Tolos","article_published_time":"2014-08-03T21:53:03+00:00","article_modified_time":"2026-02-05T16:13:38+00:00","og_image":[{"width":640,"height":427,"url":"https:\/\/casadetolos.com\/wp-content\/uploads\/2014\/08\/osg.gif","type":"image\/gif"}],"author":"Pablo Casal","twitter_misc":{"Written by":"Pablo Casal","Est. reading time":"1 minute"},"schema":{"@context":"https:\/\/schema.org","@graph":[{"@type":"Article","@id":"https:\/\/casadetolos.com\/gl\/a-orquesta-sinfonica-en-maria-pita\/#article","isPartOf":{"@id":"https:\/\/casadetolos.com\/gl\/a-orquesta-sinfonica-en-maria-pita\/"},"author":{"name":"Pablo Casal","@id":"https:\/\/casadetolos.com\/#\/schema\/person\/fe4f9393bd91453e0278baa8ff85237d"},"headline":"A Orquesta Sinf\u00f3nica en Mar\u00eda Pita","datePublished":"2014-08-03T21:53:03+00:00","dateModified":"2026-02-05T16:13:38+00:00","mainEntityOfPage":{"@id":"https:\/\/casadetolos.com\/gl\/a-orquesta-sinfonica-en-maria-pita\/"},"wordCount":109,"commentCount":0,"publisher":{"@id":"https:\/\/casadetolos.com\/#organization"},"image":{"@id":"https:\/\/casadetolos.com\/gl\/a-orquesta-sinfonica-en-maria-pita\/#primaryimage"},"thumbnailUrl":"https:\/\/casadetolos.com\/wp-content\/uploads\/2014\/08\/osg.gif","articleSection":["Novas"],"inLanguage":"gl-ES","potentialAction":[{"@type":"CommentAction","name":"Comment","target":["https:\/\/casadetolos.com\/gl\/a-orquesta-sinfonica-en-maria-pita\/#respond"]}]},{"@type":"WebPage","@id":"https:\/\/casadetolos.com\/gl\/a-orquesta-sinfonica-en-maria-pita\/","url":"https:\/\/casadetolos.com\/gl\/a-orquesta-sinfonica-en-maria-pita\/","name":"A Orquesta Sinf\u00f3nica en Mar\u00eda Pita - Casa de Tolos","isPartOf":{"@id":"https:\/\/casadetolos.com\/#website"},"primaryImageOfPage":{"@id":"https:\/\/casadetolos.com\/gl\/a-orquesta-sinfonica-en-maria-pita\/#primaryimage"},"image":{"@id":"https:\/\/casadetolos.com\/gl\/a-orquesta-sinfonica-en-maria-pita\/#primaryimage"},"thumbnailUrl":"https:\/\/casadetolos.com\/wp-content\/uploads\/2014\/08\/osg.gif","datePublished":"2014-08-03T21:53:03+00:00","dateModified":"2026-02-05T16:13:38+00:00","breadcrumb":{"@id":"https:\/\/casadetolos.com\/gl\/a-orquesta-sinfonica-en-maria-pita\/#breadcrumb"},"inLanguage":"gl-ES","potentialAction":[{"@type":"ReadAction","target":["https:\/\/casadetolos.com\/gl\/a-orquesta-sinfonica-en-maria-pita\/"]}]},{"@type":"ImageObject","inLanguage":"gl-ES","@id":"https:\/\/casadetolos.com\/gl\/a-orquesta-sinfonica-en-maria-pita\/#primaryimage","url":"https:\/\/casadetolos.com\/wp-content\/uploads\/2014\/08\/osg.gif","contentUrl":"https:\/\/casadetolos.com\/wp-content\/uploads\/2014\/08\/osg.gif","width":640,"height":427},{"@type":"BreadcrumbList","@id":"https:\/\/casadetolos.com\/gl\/a-orquesta-sinfonica-en-maria-pita\/#breadcrumb","itemListElement":[{"@type":"ListItem","position":1,"name":"Portada","item":"https:\/\/casadetolos.com\/gl\/"},{"@type":"ListItem","position":2,"name":"A Orquesta Sinf\u00f3nica en Mar\u00eda Pita"}]},{"@type":"WebSite","@id":"https:\/\/casadetolos.com\/#website","url":"https:\/\/casadetolos.com\/","name":"Casa de Tolos","description":"Estudio de grabaci\u00f3n de audio y v\u00eddeo","publisher":{"@id":"https:\/\/casadetolos.com\/#organization"},"potentialAction":[{"@type":"SearchAction","target":{"@type":"EntryPoint","urlTemplate":"https:\/\/casadetolos.com\/?s={search_term_string}"},"query-input":{"@type":"PropertyValueSpecification","valueRequired":true,"valueName":"search_term_string"}}],"inLanguage":"gl-ES"},{"@type":"Organization","@id":"https:\/\/casadetolos.com\/#organization","name":"Casa de Tolos","url":"https:\/\/casadetolos.com\/","logo":{"@type":"ImageObject","inLanguage":"gl-ES","@id":"https:\/\/casadetolos.com\/#\/schema\/logo\/image\/","url":"https:\/\/casadetolos.com\/wp-content\/uploads\/2015\/02\/logo_cdt_75.png","contentUrl":"https:\/\/casadetolos.com\/wp-content\/uploads\/2015\/02\/logo_cdt_75.png","width":123,"height":75,"caption":"Casa de Tolos"},"image":{"@id":"https:\/\/casadetolos.com\/#\/schema\/logo\/image\/"}},{"@type":"Person","@id":"https:\/\/casadetolos.com\/#\/schema\/person\/fe4f9393bd91453e0278baa8ff85237d","name":"Pablo Casal","image":{"@type":"ImageObject","inLanguage":"gl-ES","@id":"https:\/\/casadetolos.com\/#\/schema\/person\/image\/","url":"https:\/\/secure.gravatar.com\/avatar\/acdb785ad284cad1c8579b8683a893b62b0dc4fa7c69344fe67d4dc58ff129cb?s=96&d=wavatar&r=g","contentUrl":"https:\/\/secure.gravatar.com\/avatar\/acdb785ad284cad1c8579b8683a893b62b0dc4fa7c69344fe67d4dc58ff129cb?s=96&d=wavatar&r=g","caption":"Pablo Casal"},"url":"https:\/\/casadetolos.com\/gl\/author\/pablo\/"}]}},"_links":{"self":[{"href":"https:\/\/casadetolos.com\/gl\/wp-json\/wp\/v2\/posts\/438","targetHints":{"allow":["GET"]}}],"collection":[{"href":"https:\/\/casadetolos.com\/gl\/wp-json\/wp\/v2\/posts"}],"about":[{"href":"https:\/\/casadetolos.com\/gl\/wp-json\/wp\/v2\/types\/post"}],"author":[{"embeddable":true,"href":"https:\/\/casadetolos.com\/gl\/wp-json\/wp\/v2\/users\/150"}],"replies":[{"embeddable":true,"href":"https:\/\/casadetolos.com\/gl\/wp-json\/wp\/v2\/comments?post=438"}],"version-history":[{"count":17,"href":"https:\/\/casadetolos.com\/gl\/wp-json\/wp\/v2\/posts\/438\/revisions"}],"predecessor-version":[{"id":6279,"href":"https:\/\/casadetolos.com\/gl\/wp-json\/wp\/v2\/posts\/438\/revisions\/6279"}],"wp:featuredmedia":[{"embeddable":true,"href":"https:\/\/casadetolos.com\/gl\/wp-json\/wp\/v2\/media\/291"}],"wp:attachment":[{"href":"https:\/\/casadetolos.com\/gl\/wp-json\/wp\/v2\/media?parent=438"}],"wp:term":[{"taxonomy":"category","embeddable":true,"href":"https:\/\/casadetolos.com\/gl\/wp-json\/wp\/v2\/categories?post=438"},{"taxonomy":"post_tag","embeddable":true,"href":"https:\/\/casadetolos.com\/gl\/wp-json\/wp\/v2\/tags?post=438"}],"curies":[{"name":"wp","href":"https:\/\/api.w.org\/{rel}","templated":true}]}}