
{"id":2374,"date":"2023-02-08T19:44:06","date_gmt":"2023-02-08T18:44:06","guid":{"rendered":"https:\/\/casadetolos.com\/gl\/ondas-novas\/"},"modified":"2026-02-05T16:48:04","modified_gmt":"2026-02-05T15:48:04","slug":"ondas-novas","status":"publish","type":"post","link":"https:\/\/casadetolos.com\/gl\/ondas-novas\/","title":{"rendered":"Ondas Novas"},"content":{"rendered":"\n<p>Rodando un novo programa musical para a TVG.<\/p>\n\n\n\n<p>En &#8216;Ondas novas&#8217; analizamos como se pode innovar na creaci\u00f3n musical, tanto na composici\u00f3n como na interpretaci\u00f3n, en canto a instrumentaci\u00f3n, hibridaci\u00f3n ou mestura de estilos e comunicaci\u00f3n. Co\u00f1erecemos artistas en solitario ou formaci\u00f3ns do noso territorio que te\u00f1an, cando menos, unha nova est\u00e9tica. As\u00ed que falamos dunha nova era, dunha nova onda art\u00edstica en Galicia. Estas &#8220;novas ondas&#8221; ser\u00e1n o n\u00facleo do noso programa.<\/p>\n\n\n\n<figure class=\"wp-block-embed is-type-video is-provider-youtube wp-block-embed-youtube wp-embed-aspect-16-9 wp-has-aspect-ratio\"><div class=\"wp-block-embed__wrapper\">\n<iframe loading=\"lazy\" title=\"Teaser Ondas Novas\" width=\"900\" height=\"506\" src=\"https:\/\/www.youtube.com\/embed\/LxCAjJVZuRk?feature=oembed\" frameborder=\"0\" allow=\"accelerometer; autoplay; clipboard-write; encrypted-media; gyroscope; picture-in-picture; web-share\" allowfullscreen><\/iframe>\n<\/div><\/figure>\n","protected":false},"excerpt":{"rendered":"<p>Rodando un novo programa musical para a TVG. En &#8216;Ondas novas&#8217; analizamos como se pode innovar na creaci\u00f3n musical, tanto<\/p>\n","protected":false},"author":150,"featured_media":2371,"comment_status":"open","ping_status":"open","sticky":false,"template":"","format":"standard","meta":{"footnotes":""},"categories":[28],"tags":[],"class_list":["post-2374","post","type-post","status-publish","format-standard","has-post-thumbnail","hentry","category-novas-gl"],"yoast_head":"<!-- This site is optimized with the Yoast SEO plugin v27.1.1 - https:\/\/yoast.com\/product\/yoast-seo-wordpress\/ -->\n<title>Ondas Novas - Casa de Tolos<\/title>\n<meta name=\"description\" content=\"En &#039;Ondas novas&#039; analizamos como se pode innovar na creaci\u00f3n musical, tanto na composici\u00f3n como na interpretaci\u00f3n, en canto a instrumentaci\u00f3n, hibridaci\u00f3n ou mestura de estilos e comunicaci\u00f3n. Co\u00f1erecemos artistas en solitario ou formaci\u00f3ns do noso territorio que te\u00f1an, cando menos, unha nova est\u00e9tica. As\u00ed que falamos dunha nova era, dunha nova onda art\u00edstica en Galicia. Estas &quot;novas ondas&quot; ser\u00e1n o n\u00facleo do noso programa.\" \/>\n<meta name=\"robots\" content=\"index, follow, max-snippet:-1, max-image-preview:large, max-video-preview:-1\" \/>\n<link rel=\"canonical\" href=\"https:\/\/casadetolos.com\/gl\/ondas-novas\/\" \/>\n<meta property=\"og:locale\" content=\"gl_ES\" \/>\n<meta property=\"og:type\" content=\"article\" \/>\n<meta property=\"og:title\" content=\"Ondas Novas - Casa de Tolos\" \/>\n<meta property=\"og:description\" content=\"En &#039;Ondas novas&#039; analizamos como se pode innovar na creaci\u00f3n musical, tanto na composici\u00f3n como na interpretaci\u00f3n, en canto a instrumentaci\u00f3n, hibridaci\u00f3n ou mestura de estilos e comunicaci\u00f3n. Co\u00f1erecemos artistas en solitario ou formaci\u00f3ns do noso territorio que te\u00f1an, cando menos, unha nova est\u00e9tica. As\u00ed que falamos dunha nova era, dunha nova onda art\u00edstica en Galicia. Estas &quot;novas ondas&quot; ser\u00e1n o n\u00facleo do noso programa.\" \/>\n<meta property=\"og:url\" content=\"https:\/\/casadetolos.com\/gl\/ondas-novas\/\" \/>\n<meta property=\"og:site_name\" content=\"Casa de Tolos\" \/>\n<meta property=\"article:published_time\" content=\"2023-02-08T18:44:06+00:00\" \/>\n<meta property=\"article:modified_time\" content=\"2026-02-05T15:48:04+00:00\" \/>\n<meta property=\"og:image\" content=\"https:\/\/casadetolos.com\/wp-content\/uploads\/2023\/02\/logo-letras-blancas.jpg\" \/>\n\t<meta property=\"og:image:width\" content=\"1920\" \/>\n\t<meta property=\"og:image:height\" content=\"1080\" \/>\n\t<meta property=\"og:image:type\" content=\"image\/jpeg\" \/>\n<meta name=\"author\" content=\"Pablo Casal\" \/>\n<meta name=\"twitter:label1\" content=\"Written by\" \/>\n\t<meta name=\"twitter:data1\" content=\"Pablo Casal\" \/>\n\t<meta name=\"twitter:label2\" content=\"Est. reading time\" \/>\n\t<meta name=\"twitter:data2\" content=\"1 minute\" \/>\n<script type=\"application\/ld+json\" class=\"yoast-schema-graph\">{\"@context\":\"https:\/\/schema.org\",\"@graph\":[{\"@type\":\"Article\",\"@id\":\"https:\/\/casadetolos.com\/gl\/ondas-novas\/#article\",\"isPartOf\":{\"@id\":\"https:\/\/casadetolos.com\/gl\/ondas-novas\/\"},\"author\":{\"name\":\"Pablo Casal\",\"@id\":\"https:\/\/casadetolos.com\/#\/schema\/person\/fe4f9393bd91453e0278baa8ff85237d\"},\"headline\":\"Ondas Novas\",\"datePublished\":\"2023-02-08T18:44:06+00:00\",\"dateModified\":\"2026-02-05T15:48:04+00:00\",\"mainEntityOfPage\":{\"@id\":\"https:\/\/casadetolos.com\/gl\/ondas-novas\/\"},\"wordCount\":92,\"commentCount\":0,\"publisher\":{\"@id\":\"https:\/\/casadetolos.com\/#organization\"},\"image\":{\"@id\":\"https:\/\/casadetolos.com\/gl\/ondas-novas\/#primaryimage\"},\"thumbnailUrl\":\"https:\/\/casadetolos.com\/wp-content\/uploads\/2023\/02\/logo-letras-blancas.jpg\",\"articleSection\":[\"Novas\"],\"inLanguage\":\"gl-ES\",\"potentialAction\":[{\"@type\":\"CommentAction\",\"name\":\"Comment\",\"target\":[\"https:\/\/casadetolos.com\/gl\/ondas-novas\/#respond\"]}]},{\"@type\":\"WebPage\",\"@id\":\"https:\/\/casadetolos.com\/gl\/ondas-novas\/\",\"url\":\"https:\/\/casadetolos.com\/gl\/ondas-novas\/\",\"name\":\"Ondas Novas - Casa de Tolos\",\"isPartOf\":{\"@id\":\"https:\/\/casadetolos.com\/#website\"},\"primaryImageOfPage\":{\"@id\":\"https:\/\/casadetolos.com\/gl\/ondas-novas\/#primaryimage\"},\"image\":{\"@id\":\"https:\/\/casadetolos.com\/gl\/ondas-novas\/#primaryimage\"},\"thumbnailUrl\":\"https:\/\/casadetolos.com\/wp-content\/uploads\/2023\/02\/logo-letras-blancas.jpg\",\"datePublished\":\"2023-02-08T18:44:06+00:00\",\"dateModified\":\"2026-02-05T15:48:04+00:00\",\"description\":\"En 'Ondas novas' analizamos como se pode innovar na creaci\u00f3n musical, tanto na composici\u00f3n como na interpretaci\u00f3n, en canto a instrumentaci\u00f3n, hibridaci\u00f3n ou mestura de estilos e comunicaci\u00f3n. Co\u00f1erecemos artistas en solitario ou formaci\u00f3ns do noso territorio que te\u00f1an, cando menos, unha nova est\u00e9tica. As\u00ed que falamos dunha nova era, dunha nova onda art\u00edstica en Galicia. Estas \\\"novas ondas\\\" ser\u00e1n o n\u00facleo do noso programa.\",\"breadcrumb\":{\"@id\":\"https:\/\/casadetolos.com\/gl\/ondas-novas\/#breadcrumb\"},\"inLanguage\":\"gl-ES\",\"potentialAction\":[{\"@type\":\"ReadAction\",\"target\":[\"https:\/\/casadetolos.com\/gl\/ondas-novas\/\"]}]},{\"@type\":\"ImageObject\",\"inLanguage\":\"gl-ES\",\"@id\":\"https:\/\/casadetolos.com\/gl\/ondas-novas\/#primaryimage\",\"url\":\"https:\/\/casadetolos.com\/wp-content\/uploads\/2023\/02\/logo-letras-blancas.jpg\",\"contentUrl\":\"https:\/\/casadetolos.com\/wp-content\/uploads\/2023\/02\/logo-letras-blancas.jpg\",\"width\":1920,\"height\":1080},{\"@type\":\"BreadcrumbList\",\"@id\":\"https:\/\/casadetolos.com\/gl\/ondas-novas\/#breadcrumb\",\"itemListElement\":[{\"@type\":\"ListItem\",\"position\":1,\"name\":\"Portada\",\"item\":\"https:\/\/casadetolos.com\/gl\/\"},{\"@type\":\"ListItem\",\"position\":2,\"name\":\"Ondas Novas\"}]},{\"@type\":\"WebSite\",\"@id\":\"https:\/\/casadetolos.com\/#website\",\"url\":\"https:\/\/casadetolos.com\/\",\"name\":\"Casa de Tolos\",\"description\":\"Estudio de grabaci\u00f3n de audio y v\u00eddeo\",\"publisher\":{\"@id\":\"https:\/\/casadetolos.com\/#organization\"},\"potentialAction\":[{\"@type\":\"SearchAction\",\"target\":{\"@type\":\"EntryPoint\",\"urlTemplate\":\"https:\/\/casadetolos.com\/?s={search_term_string}\"},\"query-input\":{\"@type\":\"PropertyValueSpecification\",\"valueRequired\":true,\"valueName\":\"search_term_string\"}}],\"inLanguage\":\"gl-ES\"},{\"@type\":\"Organization\",\"@id\":\"https:\/\/casadetolos.com\/#organization\",\"name\":\"Casa de Tolos\",\"url\":\"https:\/\/casadetolos.com\/\",\"logo\":{\"@type\":\"ImageObject\",\"inLanguage\":\"gl-ES\",\"@id\":\"https:\/\/casadetolos.com\/#\/schema\/logo\/image\/\",\"url\":\"https:\/\/casadetolos.com\/wp-content\/uploads\/2015\/02\/logo_cdt_75.png\",\"contentUrl\":\"https:\/\/casadetolos.com\/wp-content\/uploads\/2015\/02\/logo_cdt_75.png\",\"width\":123,\"height\":75,\"caption\":\"Casa de Tolos\"},\"image\":{\"@id\":\"https:\/\/casadetolos.com\/#\/schema\/logo\/image\/\"}},{\"@type\":\"Person\",\"@id\":\"https:\/\/casadetolos.com\/#\/schema\/person\/fe4f9393bd91453e0278baa8ff85237d\",\"name\":\"Pablo Casal\",\"image\":{\"@type\":\"ImageObject\",\"inLanguage\":\"gl-ES\",\"@id\":\"https:\/\/casadetolos.com\/#\/schema\/person\/image\/\",\"url\":\"https:\/\/secure.gravatar.com\/avatar\/acdb785ad284cad1c8579b8683a893b62b0dc4fa7c69344fe67d4dc58ff129cb?s=96&d=wavatar&r=g\",\"contentUrl\":\"https:\/\/secure.gravatar.com\/avatar\/acdb785ad284cad1c8579b8683a893b62b0dc4fa7c69344fe67d4dc58ff129cb?s=96&d=wavatar&r=g\",\"caption\":\"Pablo Casal\"},\"url\":\"https:\/\/casadetolos.com\/gl\/author\/pablo\/\"}]}<\/script>\n<!-- \/ Yoast SEO plugin. -->","yoast_head_json":{"title":"Ondas Novas - Casa de Tolos","description":"En 'Ondas novas' analizamos como se pode innovar na creaci\u00f3n musical, tanto na composici\u00f3n como na interpretaci\u00f3n, en canto a instrumentaci\u00f3n, hibridaci\u00f3n ou mestura de estilos e comunicaci\u00f3n. Co\u00f1erecemos artistas en solitario ou formaci\u00f3ns do noso territorio que te\u00f1an, cando menos, unha nova est\u00e9tica. As\u00ed que falamos dunha nova era, dunha nova onda art\u00edstica en Galicia. Estas \"novas ondas\" ser\u00e1n o n\u00facleo do noso programa.","robots":{"index":"index","follow":"follow","max-snippet":"max-snippet:-1","max-image-preview":"max-image-preview:large","max-video-preview":"max-video-preview:-1"},"canonical":"https:\/\/casadetolos.com\/gl\/ondas-novas\/","og_locale":"gl_ES","og_type":"article","og_title":"Ondas Novas - Casa de Tolos","og_description":"En 'Ondas novas' analizamos como se pode innovar na creaci\u00f3n musical, tanto na composici\u00f3n como na interpretaci\u00f3n, en canto a instrumentaci\u00f3n, hibridaci\u00f3n ou mestura de estilos e comunicaci\u00f3n. Co\u00f1erecemos artistas en solitario ou formaci\u00f3ns do noso territorio que te\u00f1an, cando menos, unha nova est\u00e9tica. As\u00ed que falamos dunha nova era, dunha nova onda art\u00edstica en Galicia. Estas \"novas ondas\" ser\u00e1n o n\u00facleo do noso programa.","og_url":"https:\/\/casadetolos.com\/gl\/ondas-novas\/","og_site_name":"Casa de Tolos","article_published_time":"2023-02-08T18:44:06+00:00","article_modified_time":"2026-02-05T15:48:04+00:00","og_image":[{"width":1920,"height":1080,"url":"https:\/\/casadetolos.com\/wp-content\/uploads\/2023\/02\/logo-letras-blancas.jpg","type":"image\/jpeg"}],"author":"Pablo Casal","twitter_misc":{"Written by":"Pablo Casal","Est. reading time":"1 minute"},"schema":{"@context":"https:\/\/schema.org","@graph":[{"@type":"Article","@id":"https:\/\/casadetolos.com\/gl\/ondas-novas\/#article","isPartOf":{"@id":"https:\/\/casadetolos.com\/gl\/ondas-novas\/"},"author":{"name":"Pablo Casal","@id":"https:\/\/casadetolos.com\/#\/schema\/person\/fe4f9393bd91453e0278baa8ff85237d"},"headline":"Ondas Novas","datePublished":"2023-02-08T18:44:06+00:00","dateModified":"2026-02-05T15:48:04+00:00","mainEntityOfPage":{"@id":"https:\/\/casadetolos.com\/gl\/ondas-novas\/"},"wordCount":92,"commentCount":0,"publisher":{"@id":"https:\/\/casadetolos.com\/#organization"},"image":{"@id":"https:\/\/casadetolos.com\/gl\/ondas-novas\/#primaryimage"},"thumbnailUrl":"https:\/\/casadetolos.com\/wp-content\/uploads\/2023\/02\/logo-letras-blancas.jpg","articleSection":["Novas"],"inLanguage":"gl-ES","potentialAction":[{"@type":"CommentAction","name":"Comment","target":["https:\/\/casadetolos.com\/gl\/ondas-novas\/#respond"]}]},{"@type":"WebPage","@id":"https:\/\/casadetolos.com\/gl\/ondas-novas\/","url":"https:\/\/casadetolos.com\/gl\/ondas-novas\/","name":"Ondas Novas - Casa de Tolos","isPartOf":{"@id":"https:\/\/casadetolos.com\/#website"},"primaryImageOfPage":{"@id":"https:\/\/casadetolos.com\/gl\/ondas-novas\/#primaryimage"},"image":{"@id":"https:\/\/casadetolos.com\/gl\/ondas-novas\/#primaryimage"},"thumbnailUrl":"https:\/\/casadetolos.com\/wp-content\/uploads\/2023\/02\/logo-letras-blancas.jpg","datePublished":"2023-02-08T18:44:06+00:00","dateModified":"2026-02-05T15:48:04+00:00","description":"En 'Ondas novas' analizamos como se pode innovar na creaci\u00f3n musical, tanto na composici\u00f3n como na interpretaci\u00f3n, en canto a instrumentaci\u00f3n, hibridaci\u00f3n ou mestura de estilos e comunicaci\u00f3n. Co\u00f1erecemos artistas en solitario ou formaci\u00f3ns do noso territorio que te\u00f1an, cando menos, unha nova est\u00e9tica. As\u00ed que falamos dunha nova era, dunha nova onda art\u00edstica en Galicia. Estas \"novas ondas\" ser\u00e1n o n\u00facleo do noso programa.","breadcrumb":{"@id":"https:\/\/casadetolos.com\/gl\/ondas-novas\/#breadcrumb"},"inLanguage":"gl-ES","potentialAction":[{"@type":"ReadAction","target":["https:\/\/casadetolos.com\/gl\/ondas-novas\/"]}]},{"@type":"ImageObject","inLanguage":"gl-ES","@id":"https:\/\/casadetolos.com\/gl\/ondas-novas\/#primaryimage","url":"https:\/\/casadetolos.com\/wp-content\/uploads\/2023\/02\/logo-letras-blancas.jpg","contentUrl":"https:\/\/casadetolos.com\/wp-content\/uploads\/2023\/02\/logo-letras-blancas.jpg","width":1920,"height":1080},{"@type":"BreadcrumbList","@id":"https:\/\/casadetolos.com\/gl\/ondas-novas\/#breadcrumb","itemListElement":[{"@type":"ListItem","position":1,"name":"Portada","item":"https:\/\/casadetolos.com\/gl\/"},{"@type":"ListItem","position":2,"name":"Ondas Novas"}]},{"@type":"WebSite","@id":"https:\/\/casadetolos.com\/#website","url":"https:\/\/casadetolos.com\/","name":"Casa de Tolos","description":"Estudio de grabaci\u00f3n de audio y v\u00eddeo","publisher":{"@id":"https:\/\/casadetolos.com\/#organization"},"potentialAction":[{"@type":"SearchAction","target":{"@type":"EntryPoint","urlTemplate":"https:\/\/casadetolos.com\/?s={search_term_string}"},"query-input":{"@type":"PropertyValueSpecification","valueRequired":true,"valueName":"search_term_string"}}],"inLanguage":"gl-ES"},{"@type":"Organization","@id":"https:\/\/casadetolos.com\/#organization","name":"Casa de Tolos","url":"https:\/\/casadetolos.com\/","logo":{"@type":"ImageObject","inLanguage":"gl-ES","@id":"https:\/\/casadetolos.com\/#\/schema\/logo\/image\/","url":"https:\/\/casadetolos.com\/wp-content\/uploads\/2015\/02\/logo_cdt_75.png","contentUrl":"https:\/\/casadetolos.com\/wp-content\/uploads\/2015\/02\/logo_cdt_75.png","width":123,"height":75,"caption":"Casa de Tolos"},"image":{"@id":"https:\/\/casadetolos.com\/#\/schema\/logo\/image\/"}},{"@type":"Person","@id":"https:\/\/casadetolos.com\/#\/schema\/person\/fe4f9393bd91453e0278baa8ff85237d","name":"Pablo Casal","image":{"@type":"ImageObject","inLanguage":"gl-ES","@id":"https:\/\/casadetolos.com\/#\/schema\/person\/image\/","url":"https:\/\/secure.gravatar.com\/avatar\/acdb785ad284cad1c8579b8683a893b62b0dc4fa7c69344fe67d4dc58ff129cb?s=96&d=wavatar&r=g","contentUrl":"https:\/\/secure.gravatar.com\/avatar\/acdb785ad284cad1c8579b8683a893b62b0dc4fa7c69344fe67d4dc58ff129cb?s=96&d=wavatar&r=g","caption":"Pablo Casal"},"url":"https:\/\/casadetolos.com\/gl\/author\/pablo\/"}]}},"_links":{"self":[{"href":"https:\/\/casadetolos.com\/gl\/wp-json\/wp\/v2\/posts\/2374","targetHints":{"allow":["GET"]}}],"collection":[{"href":"https:\/\/casadetolos.com\/gl\/wp-json\/wp\/v2\/posts"}],"about":[{"href":"https:\/\/casadetolos.com\/gl\/wp-json\/wp\/v2\/types\/post"}],"author":[{"embeddable":true,"href":"https:\/\/casadetolos.com\/gl\/wp-json\/wp\/v2\/users\/150"}],"replies":[{"embeddable":true,"href":"https:\/\/casadetolos.com\/gl\/wp-json\/wp\/v2\/comments?post=2374"}],"version-history":[{"count":21,"href":"https:\/\/casadetolos.com\/gl\/wp-json\/wp\/v2\/posts\/2374\/revisions"}],"predecessor-version":[{"id":6183,"href":"https:\/\/casadetolos.com\/gl\/wp-json\/wp\/v2\/posts\/2374\/revisions\/6183"}],"wp:featuredmedia":[{"embeddable":true,"href":"https:\/\/casadetolos.com\/gl\/wp-json\/wp\/v2\/media\/2371"}],"wp:attachment":[{"href":"https:\/\/casadetolos.com\/gl\/wp-json\/wp\/v2\/media?parent=2374"}],"wp:term":[{"taxonomy":"category","embeddable":true,"href":"https:\/\/casadetolos.com\/gl\/wp-json\/wp\/v2\/categories?post=2374"},{"taxonomy":"post_tag","embeddable":true,"href":"https:\/\/casadetolos.com\/gl\/wp-json\/wp\/v2\/tags?post=2374"}],"curies":[{"name":"wp","href":"https:\/\/api.w.org\/{rel}","templated":true}]}}