
{"id":2341,"date":"2023-02-08T17:10:16","date_gmt":"2023-02-08T16:10:16","guid":{"rendered":"https:\/\/casadetolos.com\/gl\/primer-disco-de-chavellos\/"},"modified":"2026-02-05T16:49:09","modified_gmt":"2026-02-05T15:49:09","slug":"primer-disco-de-chavellos","status":"publish","type":"post","link":"https:\/\/casadetolos.com\/gl\/primer-disco-de-chavellos\/","title":{"rendered":"Primeiro disco de Chavellos"},"content":{"rendered":"\n<p>Fixemos recentemente o primeiro disco dun grupo, <a href=\"https:\/\/www.facebook.com\/Chavellos?__cft__[0]=AZUvHask0CXRJVRMjApYvmiLDHZRhvz-gn4HMVwiwqRZzIhp4Xm2I-lGX6c2H9pKxw1M8M57LPBViH-G3kC9j4Et8g1_JB_-EdEu0gtZamsTLixIOXKoShUegImCPyBlbFiX4gUWOnDMZNyax8BA_75YRppFx-5eNIdF8B0CHDDT7fOeDsaNC9jCM3g_Gj3-uGAijpTrtnZ7CiQW26-YGXvB&amp;__tn__=-]K-y-R\">Chavellos<\/a> que te\u00f1en unha canci\u00f3n que encaixa perfectamente cos traballos que adoitamos amosar no momento do Nadal. \u00c9 unha fermosa versi\u00f3n dun tema tradicional, Gargamala.<\/p>\n\n\n\n<p>Seguro que no 2023 os <a href=\"https:\/\/www.facebook.com\/Chavellos?__cft__[0]=AZUvHask0CXRJVRMjApYvmiLDHZRhvz-gn4HMVwiwqRZzIhp4Xm2I-lGX6c2H9pKxw1M8M57LPBViH-G3kC9j4Et8g1_JB_-EdEu0gtZamsTLixIOXKoShUegImCPyBlbFiX4gUWOnDMZNyax8BA_75YRppFx-5eNIdF8B0CHDDT7fOeDsaNC9jCM3g_Gj3-uGAijpTrtnZ7CiQW26-YGXvB&amp;__tn__=-]K-y-R\">Chavellos<\/a> van ter moito que contar&#8230;e cantar!<\/p>\n\n\n\n<figure class=\"wp-block-embed is-type-video is-provider-youtube wp-block-embed-youtube wp-embed-aspect-16-9 wp-has-aspect-ratio\"><div class=\"wp-block-embed__wrapper\">\n<iframe loading=\"lazy\" title=\"Chavellos- &quot;Gargamala&quot;\" width=\"900\" height=\"506\" src=\"https:\/\/www.youtube.com\/embed\/mZ1xW1ChJhM?feature=oembed\" frameborder=\"0\" allow=\"accelerometer; autoplay; clipboard-write; encrypted-media; gyroscope; picture-in-picture; web-share\" allowfullscreen><\/iframe>\n<\/div><\/figure>\n","protected":false},"excerpt":{"rendered":"<p>Fixemos recentemente o primeiro disco dun grupo, Chavellos que te\u00f1en unha canci\u00f3n que encaixa perfectamente cos traballos que adoitamos amosar<\/p>\n","protected":false},"author":150,"featured_media":2338,"comment_status":"open","ping_status":"open","sticky":false,"template":"","format":"standard","meta":{"footnotes":""},"categories":[28],"tags":[],"class_list":["post-2341","post","type-post","status-publish","format-standard","has-post-thumbnail","hentry","category-novas-gl"],"yoast_head":"<!-- This site is optimized with the Yoast SEO plugin v27.1.1 - https:\/\/yoast.com\/product\/yoast-seo-wordpress\/ -->\n<title>Primeiro disco de Chavellos - Casa de Tolos<\/title>\n<meta name=\"description\" content=\"Fixemos recentemente o primeiro disco dun grupo, Chavellos que te\u00f1en unha canci\u00f3n que encaixa perfectamente cos traballos que adoitamos amosar no momento do Nadal. \u00c9 unha fermosa versi\u00f3n dun tema tradicional, Gargamala\" \/>\n<meta name=\"robots\" content=\"index, follow, max-snippet:-1, max-image-preview:large, max-video-preview:-1\" \/>\n<link rel=\"canonical\" href=\"https:\/\/casadetolos.com\/gl\/primer-disco-de-chavellos\/\" \/>\n<meta property=\"og:locale\" content=\"gl_ES\" \/>\n<meta property=\"og:type\" content=\"article\" \/>\n<meta property=\"og:title\" content=\"Primeiro disco de Chavellos - Casa de Tolos\" \/>\n<meta property=\"og:description\" content=\"Fixemos recentemente o primeiro disco dun grupo, Chavellos que te\u00f1en unha canci\u00f3n que encaixa perfectamente cos traballos que adoitamos amosar no momento do Nadal. \u00c9 unha fermosa versi\u00f3n dun tema tradicional, Gargamala\" \/>\n<meta property=\"og:url\" content=\"https:\/\/casadetolos.com\/gl\/primer-disco-de-chavellos\/\" \/>\n<meta property=\"og:site_name\" content=\"Casa de Tolos\" \/>\n<meta property=\"article:published_time\" content=\"2023-02-08T16:10:16+00:00\" \/>\n<meta property=\"article:modified_time\" content=\"2026-02-05T15:49:09+00:00\" \/>\n<meta property=\"og:image\" content=\"https:\/\/casadetolos.com\/wp-content\/uploads\/2023\/02\/Chavellos-slide.jpg\" \/>\n\t<meta property=\"og:image:width\" content=\"1920\" \/>\n\t<meta property=\"og:image:height\" content=\"1080\" \/>\n\t<meta property=\"og:image:type\" content=\"image\/jpeg\" \/>\n<meta name=\"author\" content=\"Pablo Casal\" \/>\n<meta name=\"twitter:label1\" content=\"Written by\" \/>\n\t<meta name=\"twitter:data1\" content=\"Pablo Casal\" \/>\n\t<meta name=\"twitter:label2\" content=\"Est. reading time\" \/>\n\t<meta name=\"twitter:data2\" content=\"1 minute\" \/>\n<script type=\"application\/ld+json\" class=\"yoast-schema-graph\">{\"@context\":\"https:\/\/schema.org\",\"@graph\":[{\"@type\":\"Article\",\"@id\":\"https:\/\/casadetolos.com\/gl\/primer-disco-de-chavellos\/#article\",\"isPartOf\":{\"@id\":\"https:\/\/casadetolos.com\/gl\/primer-disco-de-chavellos\/\"},\"author\":{\"name\":\"Pablo Casal\",\"@id\":\"https:\/\/casadetolos.com\/#\/schema\/person\/fe4f9393bd91453e0278baa8ff85237d\"},\"headline\":\"Primeiro disco de Chavellos\",\"datePublished\":\"2023-02-08T16:10:16+00:00\",\"dateModified\":\"2026-02-05T15:49:09+00:00\",\"mainEntityOfPage\":{\"@id\":\"https:\/\/casadetolos.com\/gl\/primer-disco-de-chavellos\/\"},\"wordCount\":56,\"commentCount\":0,\"publisher\":{\"@id\":\"https:\/\/casadetolos.com\/#organization\"},\"image\":{\"@id\":\"https:\/\/casadetolos.com\/gl\/primer-disco-de-chavellos\/#primaryimage\"},\"thumbnailUrl\":\"https:\/\/casadetolos.com\/wp-content\/uploads\/2023\/02\/Chavellos-slide.jpg\",\"articleSection\":[\"Novas\"],\"inLanguage\":\"gl-ES\",\"potentialAction\":[{\"@type\":\"CommentAction\",\"name\":\"Comment\",\"target\":[\"https:\/\/casadetolos.com\/gl\/primer-disco-de-chavellos\/#respond\"]}]},{\"@type\":\"WebPage\",\"@id\":\"https:\/\/casadetolos.com\/gl\/primer-disco-de-chavellos\/\",\"url\":\"https:\/\/casadetolos.com\/gl\/primer-disco-de-chavellos\/\",\"name\":\"Primeiro disco de Chavellos - Casa de Tolos\",\"isPartOf\":{\"@id\":\"https:\/\/casadetolos.com\/#website\"},\"primaryImageOfPage\":{\"@id\":\"https:\/\/casadetolos.com\/gl\/primer-disco-de-chavellos\/#primaryimage\"},\"image\":{\"@id\":\"https:\/\/casadetolos.com\/gl\/primer-disco-de-chavellos\/#primaryimage\"},\"thumbnailUrl\":\"https:\/\/casadetolos.com\/wp-content\/uploads\/2023\/02\/Chavellos-slide.jpg\",\"datePublished\":\"2023-02-08T16:10:16+00:00\",\"dateModified\":\"2026-02-05T15:49:09+00:00\",\"description\":\"Fixemos recentemente o primeiro disco dun grupo, Chavellos que te\u00f1en unha canci\u00f3n que encaixa perfectamente cos traballos que adoitamos amosar no momento do Nadal. \u00c9 unha fermosa versi\u00f3n dun tema tradicional, Gargamala\",\"breadcrumb\":{\"@id\":\"https:\/\/casadetolos.com\/gl\/primer-disco-de-chavellos\/#breadcrumb\"},\"inLanguage\":\"gl-ES\",\"potentialAction\":[{\"@type\":\"ReadAction\",\"target\":[\"https:\/\/casadetolos.com\/gl\/primer-disco-de-chavellos\/\"]}]},{\"@type\":\"ImageObject\",\"inLanguage\":\"gl-ES\",\"@id\":\"https:\/\/casadetolos.com\/gl\/primer-disco-de-chavellos\/#primaryimage\",\"url\":\"https:\/\/casadetolos.com\/wp-content\/uploads\/2023\/02\/Chavellos-slide.jpg\",\"contentUrl\":\"https:\/\/casadetolos.com\/wp-content\/uploads\/2023\/02\/Chavellos-slide.jpg\",\"width\":1920,\"height\":1080},{\"@type\":\"BreadcrumbList\",\"@id\":\"https:\/\/casadetolos.com\/gl\/primer-disco-de-chavellos\/#breadcrumb\",\"itemListElement\":[{\"@type\":\"ListItem\",\"position\":1,\"name\":\"Portada\",\"item\":\"https:\/\/casadetolos.com\/gl\/\"},{\"@type\":\"ListItem\",\"position\":2,\"name\":\"Primeiro disco de Chavellos\"}]},{\"@type\":\"WebSite\",\"@id\":\"https:\/\/casadetolos.com\/#website\",\"url\":\"https:\/\/casadetolos.com\/\",\"name\":\"Casa de Tolos\",\"description\":\"Estudio de grabaci\u00f3n de audio y v\u00eddeo\",\"publisher\":{\"@id\":\"https:\/\/casadetolos.com\/#organization\"},\"potentialAction\":[{\"@type\":\"SearchAction\",\"target\":{\"@type\":\"EntryPoint\",\"urlTemplate\":\"https:\/\/casadetolos.com\/?s={search_term_string}\"},\"query-input\":{\"@type\":\"PropertyValueSpecification\",\"valueRequired\":true,\"valueName\":\"search_term_string\"}}],\"inLanguage\":\"gl-ES\"},{\"@type\":\"Organization\",\"@id\":\"https:\/\/casadetolos.com\/#organization\",\"name\":\"Casa de Tolos\",\"url\":\"https:\/\/casadetolos.com\/\",\"logo\":{\"@type\":\"ImageObject\",\"inLanguage\":\"gl-ES\",\"@id\":\"https:\/\/casadetolos.com\/#\/schema\/logo\/image\/\",\"url\":\"https:\/\/casadetolos.com\/wp-content\/uploads\/2015\/02\/logo_cdt_75.png\",\"contentUrl\":\"https:\/\/casadetolos.com\/wp-content\/uploads\/2015\/02\/logo_cdt_75.png\",\"width\":123,\"height\":75,\"caption\":\"Casa de Tolos\"},\"image\":{\"@id\":\"https:\/\/casadetolos.com\/#\/schema\/logo\/image\/\"}},{\"@type\":\"Person\",\"@id\":\"https:\/\/casadetolos.com\/#\/schema\/person\/fe4f9393bd91453e0278baa8ff85237d\",\"name\":\"Pablo Casal\",\"image\":{\"@type\":\"ImageObject\",\"inLanguage\":\"gl-ES\",\"@id\":\"https:\/\/casadetolos.com\/#\/schema\/person\/image\/\",\"url\":\"https:\/\/secure.gravatar.com\/avatar\/acdb785ad284cad1c8579b8683a893b62b0dc4fa7c69344fe67d4dc58ff129cb?s=96&d=wavatar&r=g\",\"contentUrl\":\"https:\/\/secure.gravatar.com\/avatar\/acdb785ad284cad1c8579b8683a893b62b0dc4fa7c69344fe67d4dc58ff129cb?s=96&d=wavatar&r=g\",\"caption\":\"Pablo Casal\"},\"url\":\"https:\/\/casadetolos.com\/gl\/author\/pablo\/\"}]}<\/script>\n<!-- \/ Yoast SEO plugin. -->","yoast_head_json":{"title":"Primeiro disco de Chavellos - Casa de Tolos","description":"Fixemos recentemente o primeiro disco dun grupo, Chavellos que te\u00f1en unha canci\u00f3n que encaixa perfectamente cos traballos que adoitamos amosar no momento do Nadal. \u00c9 unha fermosa versi\u00f3n dun tema tradicional, Gargamala","robots":{"index":"index","follow":"follow","max-snippet":"max-snippet:-1","max-image-preview":"max-image-preview:large","max-video-preview":"max-video-preview:-1"},"canonical":"https:\/\/casadetolos.com\/gl\/primer-disco-de-chavellos\/","og_locale":"gl_ES","og_type":"article","og_title":"Primeiro disco de Chavellos - Casa de Tolos","og_description":"Fixemos recentemente o primeiro disco dun grupo, Chavellos que te\u00f1en unha canci\u00f3n que encaixa perfectamente cos traballos que adoitamos amosar no momento do Nadal. \u00c9 unha fermosa versi\u00f3n dun tema tradicional, Gargamala","og_url":"https:\/\/casadetolos.com\/gl\/primer-disco-de-chavellos\/","og_site_name":"Casa de Tolos","article_published_time":"2023-02-08T16:10:16+00:00","article_modified_time":"2026-02-05T15:49:09+00:00","og_image":[{"width":1920,"height":1080,"url":"https:\/\/casadetolos.com\/wp-content\/uploads\/2023\/02\/Chavellos-slide.jpg","type":"image\/jpeg"}],"author":"Pablo Casal","twitter_misc":{"Written by":"Pablo Casal","Est. reading time":"1 minute"},"schema":{"@context":"https:\/\/schema.org","@graph":[{"@type":"Article","@id":"https:\/\/casadetolos.com\/gl\/primer-disco-de-chavellos\/#article","isPartOf":{"@id":"https:\/\/casadetolos.com\/gl\/primer-disco-de-chavellos\/"},"author":{"name":"Pablo Casal","@id":"https:\/\/casadetolos.com\/#\/schema\/person\/fe4f9393bd91453e0278baa8ff85237d"},"headline":"Primeiro disco de Chavellos","datePublished":"2023-02-08T16:10:16+00:00","dateModified":"2026-02-05T15:49:09+00:00","mainEntityOfPage":{"@id":"https:\/\/casadetolos.com\/gl\/primer-disco-de-chavellos\/"},"wordCount":56,"commentCount":0,"publisher":{"@id":"https:\/\/casadetolos.com\/#organization"},"image":{"@id":"https:\/\/casadetolos.com\/gl\/primer-disco-de-chavellos\/#primaryimage"},"thumbnailUrl":"https:\/\/casadetolos.com\/wp-content\/uploads\/2023\/02\/Chavellos-slide.jpg","articleSection":["Novas"],"inLanguage":"gl-ES","potentialAction":[{"@type":"CommentAction","name":"Comment","target":["https:\/\/casadetolos.com\/gl\/primer-disco-de-chavellos\/#respond"]}]},{"@type":"WebPage","@id":"https:\/\/casadetolos.com\/gl\/primer-disco-de-chavellos\/","url":"https:\/\/casadetolos.com\/gl\/primer-disco-de-chavellos\/","name":"Primeiro disco de Chavellos - Casa de Tolos","isPartOf":{"@id":"https:\/\/casadetolos.com\/#website"},"primaryImageOfPage":{"@id":"https:\/\/casadetolos.com\/gl\/primer-disco-de-chavellos\/#primaryimage"},"image":{"@id":"https:\/\/casadetolos.com\/gl\/primer-disco-de-chavellos\/#primaryimage"},"thumbnailUrl":"https:\/\/casadetolos.com\/wp-content\/uploads\/2023\/02\/Chavellos-slide.jpg","datePublished":"2023-02-08T16:10:16+00:00","dateModified":"2026-02-05T15:49:09+00:00","description":"Fixemos recentemente o primeiro disco dun grupo, Chavellos que te\u00f1en unha canci\u00f3n que encaixa perfectamente cos traballos que adoitamos amosar no momento do Nadal. \u00c9 unha fermosa versi\u00f3n dun tema tradicional, Gargamala","breadcrumb":{"@id":"https:\/\/casadetolos.com\/gl\/primer-disco-de-chavellos\/#breadcrumb"},"inLanguage":"gl-ES","potentialAction":[{"@type":"ReadAction","target":["https:\/\/casadetolos.com\/gl\/primer-disco-de-chavellos\/"]}]},{"@type":"ImageObject","inLanguage":"gl-ES","@id":"https:\/\/casadetolos.com\/gl\/primer-disco-de-chavellos\/#primaryimage","url":"https:\/\/casadetolos.com\/wp-content\/uploads\/2023\/02\/Chavellos-slide.jpg","contentUrl":"https:\/\/casadetolos.com\/wp-content\/uploads\/2023\/02\/Chavellos-slide.jpg","width":1920,"height":1080},{"@type":"BreadcrumbList","@id":"https:\/\/casadetolos.com\/gl\/primer-disco-de-chavellos\/#breadcrumb","itemListElement":[{"@type":"ListItem","position":1,"name":"Portada","item":"https:\/\/casadetolos.com\/gl\/"},{"@type":"ListItem","position":2,"name":"Primeiro disco de Chavellos"}]},{"@type":"WebSite","@id":"https:\/\/casadetolos.com\/#website","url":"https:\/\/casadetolos.com\/","name":"Casa de Tolos","description":"Estudio de grabaci\u00f3n de audio y v\u00eddeo","publisher":{"@id":"https:\/\/casadetolos.com\/#organization"},"potentialAction":[{"@type":"SearchAction","target":{"@type":"EntryPoint","urlTemplate":"https:\/\/casadetolos.com\/?s={search_term_string}"},"query-input":{"@type":"PropertyValueSpecification","valueRequired":true,"valueName":"search_term_string"}}],"inLanguage":"gl-ES"},{"@type":"Organization","@id":"https:\/\/casadetolos.com\/#organization","name":"Casa de Tolos","url":"https:\/\/casadetolos.com\/","logo":{"@type":"ImageObject","inLanguage":"gl-ES","@id":"https:\/\/casadetolos.com\/#\/schema\/logo\/image\/","url":"https:\/\/casadetolos.com\/wp-content\/uploads\/2015\/02\/logo_cdt_75.png","contentUrl":"https:\/\/casadetolos.com\/wp-content\/uploads\/2015\/02\/logo_cdt_75.png","width":123,"height":75,"caption":"Casa de Tolos"},"image":{"@id":"https:\/\/casadetolos.com\/#\/schema\/logo\/image\/"}},{"@type":"Person","@id":"https:\/\/casadetolos.com\/#\/schema\/person\/fe4f9393bd91453e0278baa8ff85237d","name":"Pablo Casal","image":{"@type":"ImageObject","inLanguage":"gl-ES","@id":"https:\/\/casadetolos.com\/#\/schema\/person\/image\/","url":"https:\/\/secure.gravatar.com\/avatar\/acdb785ad284cad1c8579b8683a893b62b0dc4fa7c69344fe67d4dc58ff129cb?s=96&d=wavatar&r=g","contentUrl":"https:\/\/secure.gravatar.com\/avatar\/acdb785ad284cad1c8579b8683a893b62b0dc4fa7c69344fe67d4dc58ff129cb?s=96&d=wavatar&r=g","caption":"Pablo Casal"},"url":"https:\/\/casadetolos.com\/gl\/author\/pablo\/"}]}},"_links":{"self":[{"href":"https:\/\/casadetolos.com\/gl\/wp-json\/wp\/v2\/posts\/2341","targetHints":{"allow":["GET"]}}],"collection":[{"href":"https:\/\/casadetolos.com\/gl\/wp-json\/wp\/v2\/posts"}],"about":[{"href":"https:\/\/casadetolos.com\/gl\/wp-json\/wp\/v2\/types\/post"}],"author":[{"embeddable":true,"href":"https:\/\/casadetolos.com\/gl\/wp-json\/wp\/v2\/users\/150"}],"replies":[{"embeddable":true,"href":"https:\/\/casadetolos.com\/gl\/wp-json\/wp\/v2\/comments?post=2341"}],"version-history":[{"count":21,"href":"https:\/\/casadetolos.com\/gl\/wp-json\/wp\/v2\/posts\/2341\/revisions"}],"predecessor-version":[{"id":6186,"href":"https:\/\/casadetolos.com\/gl\/wp-json\/wp\/v2\/posts\/2341\/revisions\/6186"}],"wp:featuredmedia":[{"embeddable":true,"href":"https:\/\/casadetolos.com\/gl\/wp-json\/wp\/v2\/media\/2338"}],"wp:attachment":[{"href":"https:\/\/casadetolos.com\/gl\/wp-json\/wp\/v2\/media?parent=2341"}],"wp:term":[{"taxonomy":"category","embeddable":true,"href":"https:\/\/casadetolos.com\/gl\/wp-json\/wp\/v2\/categories?post=2341"},{"taxonomy":"post_tag","embeddable":true,"href":"https:\/\/casadetolos.com\/gl\/wp-json\/wp\/v2\/tags?post=2341"}],"curies":[{"name":"wp","href":"https:\/\/api.w.org\/{rel}","templated":true}]}}